{"id":2145,"date":"2017-09-11T13:08:43","date_gmt":"2017-09-11T13:08:43","guid":{"rendered":"http:\/\/radiokfor.com\/2\/?p=2145"},"modified":"2018-12-10T13:14:12","modified_gmt":"2018-12-10T13:14:12","slug":"dani-opstine-gracanica-2017","status":"publish","type":"post","link":"https:\/\/radiokfor.com\/2\/dani-opstine-gracanica-2017\/","title":{"rendered":"Dani op\u0161tine Gra\u010danica 2017."},"content":{"rendered":"<p>Obele\u017eavanje Dana op\u0161tine Gra\u010danica \u0107e se ove godine odr\u017eati od 15. do 21. septembra 2017. Tim povodom, Turisti\u010dka organizacija Gra\u010danice, Dom kulture Gra\u010danica i op\u0161tina Gra\u010danica su kao i prethodnih godina pripremile bogat program kulturno-umetni\u010dkih i sportskih de\u0161avanja.<\/p>\n<p>U okviru Dana op\u0161tine Gra\u010danica, bi\u0107e odr\u017eani i Dan poljoprivrednika i Poga\u010dijada u organizaciji NVO GIOR.\u00a0Novina u\u00a0programu je srednjovekovni karavan koji \u0107e organizovati vite\u0161ko udru\u017eenje Red Zmaja i TO Gra\u010danice. Karavan \u0107e obi\u0107i skoro sva sela u op\u0161tini Gra\u010danica i obuhvata\u0107e prikazno streli\u010darstvo, malu \u0161kolu ma\u010devanja i streli\u010darstva za sve posetioce.<\/p>\n<p>Vi\u0161e detalja o programu manifestacije mo\u017eete prona\u0107i na sajtu\u00a0<a href=\"http:\/\/www.togracanica.org\/\">TO Gra\u010danice<\/a>.<\/p>\n","protected":false},"excerpt":{"rendered":"<p>Obele\u017eavanje Dana op\u0161tine Gra\u010danica \u0107e se ove godine odr\u017eati od 15. do 21. septembra 2017. Tim povodom, Turisti\u010dka organizacija Gra\u010danice, Dom kulture Gra\u010danica i op\u0161tina Gra\u010danica su kao i prethodnih godina pripremile bogat program kulturno-umetni\u010dkih i sportskih de\u0161avanja. U okviru Dana op\u0161tine Gra\u010danica, bi\u0107e odr\u017eani i Dan poljoprivrednika i Poga\u010dijada u organizaciji NVO GIOR.\u00a0Novina u\u00a0programu&hellip;<\/p>\n","protected":false},"author":2,"featured_media":2147,"comment_status":"open","ping_status":"open","sticky":false,"template":"","format":"standard","meta":{"footnotes":""},"categories":[2],"tags":[102,21,269,796],"class_list":["post-2145","post","type-post","status-publish","format-standard","has-post-thumbnail","hentry","category-news","tag-dani-opstine-gracanica","tag-dom-kulture-gracanica","tag-opstina-gracanica","tag-turisticka-organizacija-gracanice","category-2","description-off"],"_links":{"self":[{"href":"https:\/\/radiokfor.com\/2\/wp-json\/wp\/v2\/posts\/2145","targetHints":{"allow":["GET"]}}],"collection":[{"href":"https:\/\/radiokfor.com\/2\/wp-json\/wp\/v2\/posts"}],"about":[{"href":"https:\/\/radiokfor.com\/2\/wp-json\/wp\/v2\/types\/post"}],"author":[{"embeddable":true,"href":"https:\/\/radiokfor.com\/2\/wp-json\/wp\/v2\/users\/2"}],"replies":[{"embeddable":true,"href":"https:\/\/radiokfor.com\/2\/wp-json\/wp\/v2\/comments?post=2145"}],"version-history":[{"count":1,"href":"https:\/\/radiokfor.com\/2\/wp-json\/wp\/v2\/posts\/2145\/revisions"}],"predecessor-version":[{"id":2148,"href":"https:\/\/radiokfor.com\/2\/wp-json\/wp\/v2\/posts\/2145\/revisions\/2148"}],"wp:featuredmedia":[{"embeddable":true,"href":"https:\/\/radiokfor.com\/2\/wp-json\/wp\/v2\/media\/2147"}],"wp:attachment":[{"href":"https:\/\/radiokfor.com\/2\/wp-json\/wp\/v2\/media?parent=2145"}],"wp:term":[{"taxonomy":"category","embeddable":true,"href":"https:\/\/radiokfor.com\/2\/wp-json\/wp\/v2\/categories?post=2145"},{"taxonomy":"post_tag","embeddable":true,"href":"https:\/\/radiokfor.com\/2\/wp-json\/wp\/v2\/tags?post=2145"}],"curies":[{"name":"wp","href":"https:\/\/api.w.org\/{rel}","templated":true}]}}