{"id":2141,"date":"2017-09-12T13:05:57","date_gmt":"2017-09-12T13:05:57","guid":{"rendered":"http:\/\/radiokfor.com\/2\/?p=2141"},"modified":"2018-12-10T13:08:31","modified_gmt":"2018-12-10T13:08:31","slug":"u-mitrovici-otvorena-prva-senzorna-soba-na-kosovu","status":"publish","type":"post","link":"https:\/\/radiokfor.com\/2\/u-mitrovici-otvorena-prva-senzorna-soba-na-kosovu\/","title":{"rendered":"U Mitrovici otvorena prva senzorna soba na Kosovu"},"content":{"rendered":"<p>U \u0160koli za osnovno i srednje obrazovanje \u201eKosovski bo\u017eur\u201c u Mitrovici danas je sve\u010dano otvorena Senzorna soba, prva na Kosovu, kao i dnevni\u00a0boravak za odrasle i omladinu sa radnim centrom za decu sa posebnim potrebama.\u00a0Pripadnici KFOR-a obezbedili su za u\u010denike ove \u0161kole sva sredstva potrebna za rad jedne perionice ve\u0161a, gde \u0107e, kako je nagla\u0161eno, mladima iz ove \u0161kole biti data \u0161ansa da nau\u010de i ve\u017ebaju situacije zapo\u0161ljavanja, a \u0161to mo\u017ee biti i vid radne terapije.<\/p>\n<p>Komandant Kfor-ovog Zdru\u017eenog regionalnog odreda Sever (JRD \u2013 N) pukovnik Martin Schuler naglasio je da je Kfor ponosan zato \u0161to je deo ovakvih inicijativa jer socijalno obrazovanje shvataju veoma ozbiljno.<\/p>\n<p>\u201cVerujemo da \u0107e poslovna \u0161ansa sa perionicom obogatiti mladu generaciju i omogu\u0107iti im bolju budu\u0107nost\u201d \u2013 rekao je pukovnik Schuler.<\/p>\n<p>\u0160efica administracije u op\u0161tini Severna Mitrovica, Adrijana Hod\u017ei\u0107, posebno se osvrnula na saradnju sa KFOR-om.<\/p>\n<p>\u201cGovorimo o projektu koji je jako specifi\u010dan, koji je jako te\u017eak i veoma redak. Sve ideje koje ima lokalna samouprava i uop\u0161te gra\u0111ani na\u0161e op\u0161tine, svaka ideja je podeljena sa KFOR-om. I moram da naglasim da, kada se uzme u obzir \u010ditava me\u0111unarodna zajednica, poseban naglasak moram da stavim na saradnju sa KFOR-om. Gde god oni primete da mogu da daju svoj doprinos, oni to u\u010dine, pa makar i svojim prisustvom. \u017delim da dodam da su deca sa posebnim potrebama ponovo imala mogu\u0107nost da idu na letovanje zahvaljuju\u0107i podr\u0161ci pru\u017eenoj od strane KFOR-a\u201d, ka\u017ee Hod\u017ei\u0107.<\/p>\n<p>Dana\u0161njem sve\u010danom otvaranju Senzorne sobe i dnevnog boravka za odrasle i omladinu sa radnim centrom prisustvao je i komandant Kfor-a italijanski general-major \u0110ovani Fungo.<\/p>\n<p>Senzorna soba i Dnevni boravak za odrasle i omladinu sa radnim centrom je projekat CDF-a realizovan uz pomo\u0107 sredstava USAID-a.<\/p>\n","protected":false},"excerpt":{"rendered":"<p>U \u0160koli za osnovno i srednje obrazovanje \u201eKosovski bo\u017eur\u201c u Mitrovici danas je sve\u010dano otvorena Senzorna soba, prva na Kosovu, kao i dnevni\u00a0boravak za odrasle i omladinu sa radnim centrom za decu sa posebnim potrebama.\u00a0Pripadnici KFOR-a obezbedili su za u\u010denike ove \u0161kole sva sredstva potrebna za rad jedne perionice ve\u0161a, gde \u0107e, kako je nagla\u0161eno,&hellip;<\/p>\n","protected":false},"author":2,"featured_media":2143,"comment_status":"open","ping_status":"open","sticky":false,"template":"","format":"standard","meta":{"footnotes":""},"categories":[2],"tags":[36,795,20],"class_list":["post-2141","post","type-post","status-publish","format-standard","has-post-thumbnail","hentry","category-news","tag-kfor","tag-senzorna-soba","tag-severna-mitrovica","category-2","description-off"],"_links":{"self":[{"href":"https:\/\/radiokfor.com\/2\/wp-json\/wp\/v2\/posts\/2141","targetHints":{"allow":["GET"]}}],"collection":[{"href":"https:\/\/radiokfor.com\/2\/wp-json\/wp\/v2\/posts"}],"about":[{"href":"https:\/\/radiokfor.com\/2\/wp-json\/wp\/v2\/types\/post"}],"author":[{"embeddable":true,"href":"https:\/\/radiokfor.com\/2\/wp-json\/wp\/v2\/users\/2"}],"replies":[{"embeddable":true,"href":"https:\/\/radiokfor.com\/2\/wp-json\/wp\/v2\/comments?post=2141"}],"version-history":[{"count":1,"href":"https:\/\/radiokfor.com\/2\/wp-json\/wp\/v2\/posts\/2141\/revisions"}],"predecessor-version":[{"id":2144,"href":"https:\/\/radiokfor.com\/2\/wp-json\/wp\/v2\/posts\/2141\/revisions\/2144"}],"wp:featuredmedia":[{"embeddable":true,"href":"https:\/\/radiokfor.com\/2\/wp-json\/wp\/v2\/media\/2143"}],"wp:attachment":[{"href":"https:\/\/radiokfor.com\/2\/wp-json\/wp\/v2\/media?parent=2141"}],"wp:term":[{"taxonomy":"category","embeddable":true,"href":"https:\/\/radiokfor.com\/2\/wp-json\/wp\/v2\/categories?post=2141"},{"taxonomy":"post_tag","embeddable":true,"href":"https:\/\/radiokfor.com\/2\/wp-json\/wp\/v2\/tags?post=2141"}],"curies":[{"name":"wp","href":"https:\/\/api.w.org\/{rel}","templated":true}]}}