{"id":2137,"date":"2017-09-15T13:02:22","date_gmt":"2017-09-15T13:02:22","guid":{"rendered":"http:\/\/radiokfor.com\/2\/?p=2137"},"modified":"2018-12-10T13:05:06","modified_gmt":"2018-12-10T13:05:06","slug":"dan-opstine-gracanica-dve-predstave-pozorista-subotica","status":"publish","type":"post","link":"https:\/\/radiokfor.com\/2\/dan-opstine-gracanica-dve-predstave-pozorista-subotica\/","title":{"rendered":"Dan op\u0161tine Gra\u010danica \u2013 Dve predstave pozori\u0161ta \u201eSubotica\u201c"},"content":{"rendered":"<p>De\u010dije pozori\u0161te \u201eSubotica\u201c iz Subotice \u0107e u ponedeljak 18. Septembra u 19 \u010dasova u Velikoj sali Doma kulture Gra\u010danica odigrati de\u010dju predstavu \u201eOrfej\u201c. Dramatizaciju i re\u017eiju u predstavi potpisuje bugarski reditelj Todor Valov. Predstava je ra\u0111ena po starogr\u010dkom mitu, namenjena je deci iznad osam godina. De\u010dije pozori\u0161te \u201eSubotica\u201c \u0107e dan kasnije za najmla\u0111e \u0161kolarce i pred\u0161kolce iz Lapljeg Sela, Donje Gu\u0161terice, Lepine i\u00a0Lipljana izvesti i predstavu<\/p>\n<p>\u201eTu\u017eni psi\u0107 Tobi\u201c po motivima pri\u010de Zdenjeka Florijana, u re\u017eiji \u017divomira Jokovi\u0107a, u kojoj igraju Marta Aroksla\u0161 Stamenkovi\u0107 i Bo\u0161ko Bo\u0161kov. Gostovanje je pomogla Op\u0161tina Gra\u010danica i realizuje se u okviru Dana op\u0161tine koji se odr\u017eavaju od 15. do 21. septembra. Ulaz za obe predstave je slobodan.<\/p>\n","protected":false},"excerpt":{"rendered":"<p>De\u010dije pozori\u0161te \u201eSubotica\u201c iz Subotice \u0107e u ponedeljak 18. Septembra u 19 \u010dasova u Velikoj sali Doma kulture Gra\u010danica odigrati de\u010dju predstavu \u201eOrfej\u201c. Dramatizaciju i re\u017eiju u predstavi potpisuje bugarski reditelj Todor Valov. Predstava je ra\u0111ena po starogr\u010dkom mitu, namenjena je deci iznad osam godina. De\u010dije pozori\u0161te \u201eSubotica\u201c \u0107e dan kasnije za najmla\u0111e \u0161kolarce i&hellip;<\/p>\n","protected":false},"author":2,"featured_media":2139,"comment_status":"open","ping_status":"open","sticky":false,"template":"","format":"standard","meta":{"footnotes":""},"categories":[2],"tags":[102,793,794],"class_list":["post-2137","post","type-post","status-publish","format-standard","has-post-thumbnail","hentry","category-news","tag-dani-opstine-gracanica","tag-dom-kulturte-gracanica","tag-predstave","category-2","description-off"],"_links":{"self":[{"href":"https:\/\/radiokfor.com\/2\/wp-json\/wp\/v2\/posts\/2137","targetHints":{"allow":["GET"]}}],"collection":[{"href":"https:\/\/radiokfor.com\/2\/wp-json\/wp\/v2\/posts"}],"about":[{"href":"https:\/\/radiokfor.com\/2\/wp-json\/wp\/v2\/types\/post"}],"author":[{"embeddable":true,"href":"https:\/\/radiokfor.com\/2\/wp-json\/wp\/v2\/users\/2"}],"replies":[{"embeddable":true,"href":"https:\/\/radiokfor.com\/2\/wp-json\/wp\/v2\/comments?post=2137"}],"version-history":[{"count":1,"href":"https:\/\/radiokfor.com\/2\/wp-json\/wp\/v2\/posts\/2137\/revisions"}],"predecessor-version":[{"id":2140,"href":"https:\/\/radiokfor.com\/2\/wp-json\/wp\/v2\/posts\/2137\/revisions\/2140"}],"wp:featuredmedia":[{"embeddable":true,"href":"https:\/\/radiokfor.com\/2\/wp-json\/wp\/v2\/media\/2139"}],"wp:attachment":[{"href":"https:\/\/radiokfor.com\/2\/wp-json\/wp\/v2\/media?parent=2137"}],"wp:term":[{"taxonomy":"category","embeddable":true,"href":"https:\/\/radiokfor.com\/2\/wp-json\/wp\/v2\/categories?post=2137"},{"taxonomy":"post_tag","embeddable":true,"href":"https:\/\/radiokfor.com\/2\/wp-json\/wp\/v2\/tags?post=2137"}],"curies":[{"name":"wp","href":"https:\/\/api.w.org\/{rel}","templated":true}]}}