{"id":21286,"date":"2023-07-13T14:11:13","date_gmt":"2023-07-13T12:11:13","guid":{"rendered":"https:\/\/radiokfor.com\/2\/?p=21286"},"modified":"2023-07-13T14:11:13","modified_gmt":"2023-07-13T12:11:13","slug":"%d0%baoncert-muzicke-grupe-vecita-dilema","status":"publish","type":"post","link":"https:\/\/radiokfor.com\/2\/%d0%baoncert-muzicke-grupe-vecita-dilema\/","title":{"rendered":"\u041aoncert muzi\u010dke grupe Ve\u010dita dilema"},"content":{"rendered":"<p>Dom kulture \u201eGra\u010danica\u201c vas poziva na koncert lokalnog muzi\u010dkog benda \u201eVe\u010dita dilema\u201c, koji \u0107e nastupiti na Letnjoj sceni ispred Doma kulture \u201eGra\u010danica\u201c.<br \/>\n\u041aoncert \u0107e se odr\u017eati u petak 14. jula 2023. godine sa po\u010detkom u 20:30 \u010dasova.<br \/>\nBend \u201eVe\u010dita dilema\u201c postoji od 2019. godine a na repertoaru \u0107e se na\u0107i akusti\u010dne obrade doma\u0107eg i stranog rokenrola, tako da \u0107e svi ljubitelji ove vrste muzike biti u prilici da \u010duju neke od svojih omiljenih pesama.<br \/>\nTako\u0111e, ovo je poziv ostalim bendovima sa \u041aosova, da organizuju svoje muzi\u010dke svirke na otvorenom tokom letnjih meseci.<br \/>\nPozivamo vas da zajedno u\u017eivamo u muzici i dru\u017eenju, poruka je Doma kulture iz Gra\u010danice.<\/p>\n","protected":false},"excerpt":{"rendered":"<p>Dom kulture \u201eGra\u010danica\u201c vas poziva na koncert lokalnog muzi\u010dkog benda \u201eVe\u010dita dilema\u201c, koji \u0107e nastupiti na Letnjoj sceni ispred Doma kulture \u201eGra\u010danica\u201c. \u041aoncert \u0107e se odr\u017eati u petak 14. jula 2023. godine sa po\u010detkom u 20:30 \u010dasova. Bend \u201eVe\u010dita dilema\u201c postoji od 2019. godine a na repertoaru \u0107e se na\u0107i akusti\u010dne obrade doma\u0107eg i stranog&hellip;<\/p>\n","protected":false},"author":6,"featured_media":21287,"comment_status":"closed","ping_status":"closed","sticky":false,"template":"","format":"standard","meta":{"footnotes":""},"categories":[2],"tags":[],"class_list":["post-21286","post","type-post","status-publish","format-standard","has-post-thumbnail","hentry","category-news","category-2","description-off"],"_links":{"self":[{"href":"https:\/\/radiokfor.com\/2\/wp-json\/wp\/v2\/posts\/21286","targetHints":{"allow":["GET"]}}],"collection":[{"href":"https:\/\/radiokfor.com\/2\/wp-json\/wp\/v2\/posts"}],"about":[{"href":"https:\/\/radiokfor.com\/2\/wp-json\/wp\/v2\/types\/post"}],"author":[{"embeddable":true,"href":"https:\/\/radiokfor.com\/2\/wp-json\/wp\/v2\/users\/6"}],"replies":[{"embeddable":true,"href":"https:\/\/radiokfor.com\/2\/wp-json\/wp\/v2\/comments?post=21286"}],"version-history":[{"count":1,"href":"https:\/\/radiokfor.com\/2\/wp-json\/wp\/v2\/posts\/21286\/revisions"}],"predecessor-version":[{"id":21288,"href":"https:\/\/radiokfor.com\/2\/wp-json\/wp\/v2\/posts\/21286\/revisions\/21288"}],"wp:featuredmedia":[{"embeddable":true,"href":"https:\/\/radiokfor.com\/2\/wp-json\/wp\/v2\/media\/21287"}],"wp:attachment":[{"href":"https:\/\/radiokfor.com\/2\/wp-json\/wp\/v2\/media?parent=21286"}],"wp:term":[{"taxonomy":"category","embeddable":true,"href":"https:\/\/radiokfor.com\/2\/wp-json\/wp\/v2\/categories?post=21286"},{"taxonomy":"post_tag","embeddable":true,"href":"https:\/\/radiokfor.com\/2\/wp-json\/wp\/v2\/tags?post=21286"}],"curies":[{"name":"wp","href":"https:\/\/api.w.org\/{rel}","templated":true}]}}