{"id":21262,"date":"2023-07-11T13:16:29","date_gmt":"2023-07-11T11:16:29","guid":{"rendered":"https:\/\/radiokfor.com\/2\/?p=21262"},"modified":"2023-07-11T13:16:29","modified_gmt":"2023-07-11T11:16:29","slug":"danas-je-svetski-dan-populacije","status":"publish","type":"post","link":"https:\/\/radiokfor.com\/2\/danas-je-svetski-dan-populacije\/","title":{"rendered":"Danas je svetski dan populacije"},"content":{"rendered":"<p>Svetski dan stanovni\u0161tva, koji se obele\u017eava 11. jula svake godine, pru\u017ea nam priliku da se osvrnemo na izazove i promene s kojima se suo\u010dava globalna populacija. Ovaj dan je posve\u0107en podizanju svesti o pitanjima vezanim za stanovni\u0161tvo i nagla\u0161ava zna\u010daj planiranja porodice, reproduktivnog zdravlja i odr\u017eivog razvoja.<\/p>\n<p>Sa svetskom populacijom koja raste brzinom od otprilike 83 miliona ljudi godi\u0161nje, suo\u010davamo se s mnogim izazovima. Odr\u017eivo upravljanje stanovni\u0161tvom je klju\u010dno za obezbe\u0111ivanje dovoljnih resursa, kao \u0161to su hrana, voda i energija, za sve ljude. Tako\u0111e, neophodno je obezbediti pristup zdravstvenim uslugama, obrazovanju i ekonomskim prilikama za sve \u010dlanove dru\u0161tva.<\/p>\n<p>Ovaj dan je podsetnik da svaki pojedinac mo\u017ee doprineti odr\u017eivosti i kvalitetu \u017eivota celokupne populacije.<\/p>\n<p>Ovaj dan je po prvi put obele\u017een 1990. godine. Tema ovogodi\u0161njeg obele\u017eavanja dana je \u201eOslobodimo mo\u0107 rodne ravnopravnosti\u201c.<\/p>\n","protected":false},"excerpt":{"rendered":"<p>Svetski dan stanovni\u0161tva, koji se obele\u017eava 11. jula svake godine, pru\u017ea nam priliku da se osvrnemo na izazove i promene s kojima se suo\u010dava globalna populacija. Ovaj dan je posve\u0107en podizanju svesti o pitanjima vezanim za stanovni\u0161tvo i nagla\u0161ava zna\u010daj planiranja porodice, reproduktivnog zdravlja i odr\u017eivog razvoja. Sa svetskom populacijom koja raste brzinom od otprilike&hellip;<\/p>\n","protected":false},"author":2,"featured_media":21263,"comment_status":"closed","ping_status":"closed","sticky":false,"template":"","format":"standard","meta":{"footnotes":""},"categories":[2],"tags":[],"class_list":["post-21262","post","type-post","status-publish","format-standard","has-post-thumbnail","hentry","category-news","category-2","description-off"],"_links":{"self":[{"href":"https:\/\/radiokfor.com\/2\/wp-json\/wp\/v2\/posts\/21262","targetHints":{"allow":["GET"]}}],"collection":[{"href":"https:\/\/radiokfor.com\/2\/wp-json\/wp\/v2\/posts"}],"about":[{"href":"https:\/\/radiokfor.com\/2\/wp-json\/wp\/v2\/types\/post"}],"author":[{"embeddable":true,"href":"https:\/\/radiokfor.com\/2\/wp-json\/wp\/v2\/users\/2"}],"replies":[{"embeddable":true,"href":"https:\/\/radiokfor.com\/2\/wp-json\/wp\/v2\/comments?post=21262"}],"version-history":[{"count":1,"href":"https:\/\/radiokfor.com\/2\/wp-json\/wp\/v2\/posts\/21262\/revisions"}],"predecessor-version":[{"id":21264,"href":"https:\/\/radiokfor.com\/2\/wp-json\/wp\/v2\/posts\/21262\/revisions\/21264"}],"wp:featuredmedia":[{"embeddable":true,"href":"https:\/\/radiokfor.com\/2\/wp-json\/wp\/v2\/media\/21263"}],"wp:attachment":[{"href":"https:\/\/radiokfor.com\/2\/wp-json\/wp\/v2\/media?parent=21262"}],"wp:term":[{"taxonomy":"category","embeddable":true,"href":"https:\/\/radiokfor.com\/2\/wp-json\/wp\/v2\/categories?post=21262"},{"taxonomy":"post_tag","embeddable":true,"href":"https:\/\/radiokfor.com\/2\/wp-json\/wp\/v2\/tags?post=21262"}],"curies":[{"name":"wp","href":"https:\/\/api.w.org\/{rel}","templated":true}]}}