{"id":2117,"date":"2017-10-19T12:42:07","date_gmt":"2017-10-19T12:42:07","guid":{"rendered":"http:\/\/radiokfor.com\/2\/?p=2117"},"modified":"2018-12-10T12:44:10","modified_gmt":"2018-12-10T12:44:10","slug":"pesnicenje-u-gracanici","status":"publish","type":"post","link":"https:\/\/radiokfor.com\/2\/pesnicenje-u-gracanici\/","title":{"rendered":"\u201cPesni\u010denje\u201d u Gra\u010danici"},"content":{"rendered":"<p>U subotu 21. oktobra od 21 \u010das u Genghis Pab-u u Gra\u010danici odr\u017ea\u0107e se pesni\u010dki susret mladih pod nazivom \u201cPesni\u010denje\u201d.<\/p>\n<p>Mladi stvaraoci, poput \u017divojina Rako\u010devi\u0107a, Sr\u0111ana Popovi\u0107a, Viktora Popovi\u0107a, \u017darka Milenkovi\u0107a i drugih, ima\u0107e priliku da svoje radove predstave publici, i zajedno sa njima u\u017eivaju u rok svirci kojom \u0107e biti ispra\u0107en ovaj pesni\u010dki susret.<\/p>\n<p>Ideju mladih pesnika da se jedno ovakvo dru\u017eenje\u00a0po prvi put\u00a0 organizuje u Gra\u010danici u delo sprovode Dom kulture Gra\u010danica, Genghis Pab i Radio Gra\u010danica. Ulaz za predstoje\u0107i doga\u0111aj je slobodan.<\/p>\n","protected":false},"excerpt":{"rendered":"<p>U subotu 21. oktobra od 21 \u010das u Genghis Pab-u u Gra\u010danici odr\u017ea\u0107e se pesni\u010dki susret mladih pod nazivom \u201cPesni\u010denje\u201d. Mladi stvaraoci, poput \u017divojina Rako\u010devi\u0107a, Sr\u0111ana Popovi\u0107a, Viktora Popovi\u0107a, \u017darka Milenkovi\u0107a i drugih, ima\u0107e priliku da svoje radove predstave publici, i zajedno sa njima u\u017eivaju u rok svirci kojom \u0107e biti ispra\u0107en ovaj pesni\u010dki susret.&hellip;<\/p>\n","protected":false},"author":2,"featured_media":2119,"comment_status":"open","ping_status":"open","sticky":false,"template":"","format":"standard","meta":{"footnotes":""},"categories":[2],"tags":[21,288,787,786],"class_list":["post-2117","post","type-post","status-publish","format-standard","has-post-thumbnail","hentry","category-news","tag-dom-kulture-gracanica","tag-genghis-pub","tag-radio-gracanica","tag-pesnicenje-u-gracanici","category-2","description-off"],"_links":{"self":[{"href":"https:\/\/radiokfor.com\/2\/wp-json\/wp\/v2\/posts\/2117","targetHints":{"allow":["GET"]}}],"collection":[{"href":"https:\/\/radiokfor.com\/2\/wp-json\/wp\/v2\/posts"}],"about":[{"href":"https:\/\/radiokfor.com\/2\/wp-json\/wp\/v2\/types\/post"}],"author":[{"embeddable":true,"href":"https:\/\/radiokfor.com\/2\/wp-json\/wp\/v2\/users\/2"}],"replies":[{"embeddable":true,"href":"https:\/\/radiokfor.com\/2\/wp-json\/wp\/v2\/comments?post=2117"}],"version-history":[{"count":1,"href":"https:\/\/radiokfor.com\/2\/wp-json\/wp\/v2\/posts\/2117\/revisions"}],"predecessor-version":[{"id":2120,"href":"https:\/\/radiokfor.com\/2\/wp-json\/wp\/v2\/posts\/2117\/revisions\/2120"}],"wp:featuredmedia":[{"embeddable":true,"href":"https:\/\/radiokfor.com\/2\/wp-json\/wp\/v2\/media\/2119"}],"wp:attachment":[{"href":"https:\/\/radiokfor.com\/2\/wp-json\/wp\/v2\/media?parent=2117"}],"wp:term":[{"taxonomy":"category","embeddable":true,"href":"https:\/\/radiokfor.com\/2\/wp-json\/wp\/v2\/categories?post=2117"},{"taxonomy":"post_tag","embeddable":true,"href":"https:\/\/radiokfor.com\/2\/wp-json\/wp\/v2\/tags?post=2117"}],"curies":[{"name":"wp","href":"https:\/\/api.w.org\/{rel}","templated":true}]}}