{"id":21035,"date":"2023-06-15T17:10:42","date_gmt":"2023-06-15T15:10:42","guid":{"rendered":"https:\/\/radiokfor.com\/2\/?p=21035"},"modified":"2023-06-15T17:10:42","modified_gmt":"2023-06-15T15:10:42","slug":"kfor-organizovao-forum-o-nasilju-u-porodici","status":"publish","type":"post","link":"https:\/\/radiokfor.com\/2\/kfor-organizovao-forum-o-nasilju-u-porodici\/","title":{"rendered":"KFOR organizovao Forum o nasilju u porodici"},"content":{"rendered":"<p>U sredu 14. juna,\u00a0 mirovna misija KFOR-a odr\u017eala je Forum o nasilju u porodici, koji je nastao u saradnji Savetodavne kancelarije za rodna pitanja KFOR-a, OEBS-a i EULEKS-a.<\/p>\n<p>Forumu je prisustvovao i na\u010delnik General\u0161taba (COS) KFOR-a brigadni general D\u017eon Bozicevic, koji je, u ime komandanta KFOR-a, istakao da je mandat mirovne misije KFOR-a da garantuje bezbedno okru\u017eenje za sve zajednice na Kosovu uklju\u010dujuc\u0301i mu\u0161karce, \u017eene, de\u010dake i devoj\u010dice.<\/p>\n<p><em>\u201eAko neko nije bezbedan u svom domu, nije bezbedan ni u dru\u0161tvu\u201c,<\/em> rekao je na\u010delnik \u0161taba KFOR-a BG Bozicevic.<\/p>\n<p>Nasilje u porodici je krivi\u010dno delo koje se mora re\u0161avati u bliskoj saradnji sa razli\u010ditim organizacijama koje su bile prisutne na Forumu o nasilju u porodici, kao \u0161to su zdravstveni i socijalni radnici, skloni\u0161ta, verski predstavnici, akademici, Kosovska policija, tu\u017eioci, sudije, nevladine organizacije , organizacije civilnog dru\u0161tva i me\u0111unarodne organizacije.<\/p>\n<p>Mirovna misija KFOR-a na Kosovu poma\u017ee Kosovskoj policiji, Euleksu i OEBS-u u spre\u010davanju nasilja u porodici.<\/p>\n","protected":false},"excerpt":{"rendered":"<p>U sredu 14. juna,\u00a0 mirovna misija KFOR-a odr\u017eala je Forum o nasilju u porodici, koji je nastao u saradnji Savetodavne kancelarije za rodna pitanja KFOR-a, OEBS-a i EULEKS-a. Forumu je prisustvovao i na\u010delnik General\u0161taba (COS) KFOR-a brigadni general D\u017eon Bozicevic, koji je, u ime komandanta KFOR-a, istakao da je mandat mirovne misije KFOR-a da garantuje&hellip;<\/p>\n","protected":false},"author":2,"featured_media":21036,"comment_status":"closed","ping_status":"closed","sticky":false,"template":"","format":"standard","meta":{"footnotes":""},"categories":[2],"tags":[],"class_list":["post-21035","post","type-post","status-publish","format-standard","has-post-thumbnail","hentry","category-news","category-2","description-off"],"_links":{"self":[{"href":"https:\/\/radiokfor.com\/2\/wp-json\/wp\/v2\/posts\/21035","targetHints":{"allow":["GET"]}}],"collection":[{"href":"https:\/\/radiokfor.com\/2\/wp-json\/wp\/v2\/posts"}],"about":[{"href":"https:\/\/radiokfor.com\/2\/wp-json\/wp\/v2\/types\/post"}],"author":[{"embeddable":true,"href":"https:\/\/radiokfor.com\/2\/wp-json\/wp\/v2\/users\/2"}],"replies":[{"embeddable":true,"href":"https:\/\/radiokfor.com\/2\/wp-json\/wp\/v2\/comments?post=21035"}],"version-history":[{"count":1,"href":"https:\/\/radiokfor.com\/2\/wp-json\/wp\/v2\/posts\/21035\/revisions"}],"predecessor-version":[{"id":21037,"href":"https:\/\/radiokfor.com\/2\/wp-json\/wp\/v2\/posts\/21035\/revisions\/21037"}],"wp:featuredmedia":[{"embeddable":true,"href":"https:\/\/radiokfor.com\/2\/wp-json\/wp\/v2\/media\/21036"}],"wp:attachment":[{"href":"https:\/\/radiokfor.com\/2\/wp-json\/wp\/v2\/media?parent=21035"}],"wp:term":[{"taxonomy":"category","embeddable":true,"href":"https:\/\/radiokfor.com\/2\/wp-json\/wp\/v2\/categories?post=21035"},{"taxonomy":"post_tag","embeddable":true,"href":"https:\/\/radiokfor.com\/2\/wp-json\/wp\/v2\/tags?post=21035"}],"curies":[{"name":"wp","href":"https:\/\/api.w.org\/{rel}","templated":true}]}}