{"id":2100,"date":"2017-10-24T12:24:26","date_gmt":"2017-10-24T12:24:26","guid":{"rendered":"http:\/\/radiokfor.com\/2\/?p=2100"},"modified":"2018-12-10T12:26:20","modified_gmt":"2018-12-10T12:26:20","slug":"nvo-mlada-aktivna-gracanica-prijem-novih-clanova","status":"publish","type":"post","link":"https:\/\/radiokfor.com\/2\/nvo-mlada-aktivna-gracanica-prijem-novih-clanova\/","title":{"rendered":"NVO Mlada aktivna Gra\u010danica &#8211; prijem novih \u010dlanova"},"content":{"rendered":"<div class=\"description\">\n<p>Mladi ste, proaktivni, \u017eeljni prave prilike da poka\u017eete da mo\u017eete vi\u0161e? \u017delite da se dru\u017eite, u\u010destvujete u mnognobrojnim kulturnim, sportskim i zabavnim de\u0161avanjima, da svojim znanjem i ve\u0161tinama doprinesete pobolj\u0161anju \u017eivota mladih na Kosovu? Evo prilike da budete deo tima!<\/p>\n<p>NVO Mlada aktivna Gra\u010danica ( Young active Gracanica) organizuje prijem novih \u010dlanova pod nazivom \u201eIgraj za uklju\u010divanje, zaustavi ekstremizam\u201c u saradnji sa kampanjom FARE mre\u017ee.<\/p>\n<p>U subotu, 28. oktobra, od 13 do 15 \u010dasova u zgradi Biznis centra na Padali\u0161tu u Gra\u010danici iskoristi \u0161ansu i priklju\u010di se i ti.<\/p>\n<\/div>\n","protected":false},"excerpt":{"rendered":"<p>Mladi ste, proaktivni, \u017eeljni prave prilike da poka\u017eete da mo\u017eete vi\u0161e? \u017delite da se dru\u017eite, u\u010destvujete u mnognobrojnim kulturnim, sportskim i zabavnim de\u0161avanjima, da svojim znanjem i ve\u0161tinama doprinesete pobolj\u0161anju \u017eivota mladih na Kosovu? Evo prilike da budete deo tima! NVO Mlada aktivna Gra\u010danica ( Young active Gracanica) organizuje prijem novih \u010dlanova pod nazivom \u201eIgraj&hellip;<\/p>\n","protected":false},"author":2,"featured_media":979,"comment_status":"open","ping_status":"open","sticky":false,"template":"","format":"standard","meta":{"footnotes":""},"categories":[2],"tags":[251],"class_list":["post-2100","post","type-post","status-publish","format-standard","has-post-thumbnail","hentry","category-news","tag-mlada-aktivna-gracanica","category-2","description-off"],"_links":{"self":[{"href":"https:\/\/radiokfor.com\/2\/wp-json\/wp\/v2\/posts\/2100","targetHints":{"allow":["GET"]}}],"collection":[{"href":"https:\/\/radiokfor.com\/2\/wp-json\/wp\/v2\/posts"}],"about":[{"href":"https:\/\/radiokfor.com\/2\/wp-json\/wp\/v2\/types\/post"}],"author":[{"embeddable":true,"href":"https:\/\/radiokfor.com\/2\/wp-json\/wp\/v2\/users\/2"}],"replies":[{"embeddable":true,"href":"https:\/\/radiokfor.com\/2\/wp-json\/wp\/v2\/comments?post=2100"}],"version-history":[{"count":1,"href":"https:\/\/radiokfor.com\/2\/wp-json\/wp\/v2\/posts\/2100\/revisions"}],"predecessor-version":[{"id":2102,"href":"https:\/\/radiokfor.com\/2\/wp-json\/wp\/v2\/posts\/2100\/revisions\/2102"}],"wp:featuredmedia":[{"embeddable":true,"href":"https:\/\/radiokfor.com\/2\/wp-json\/wp\/v2\/media\/979"}],"wp:attachment":[{"href":"https:\/\/radiokfor.com\/2\/wp-json\/wp\/v2\/media?parent=2100"}],"wp:term":[{"taxonomy":"category","embeddable":true,"href":"https:\/\/radiokfor.com\/2\/wp-json\/wp\/v2\/categories?post=2100"},{"taxonomy":"post_tag","embeddable":true,"href":"https:\/\/radiokfor.com\/2\/wp-json\/wp\/v2\/tags?post=2100"}],"curies":[{"name":"wp","href":"https:\/\/api.w.org\/{rel}","templated":true}]}}