{"id":20993,"date":"2023-06-12T15:12:00","date_gmt":"2023-06-12T13:12:00","guid":{"rendered":"https:\/\/radiokfor.com\/2\/?p=20993"},"modified":"2023-06-12T15:12:00","modified_gmt":"2023-06-12T13:12:00","slug":"svetski-dan-borbe-protiv-decijeg-rada-2","status":"publish","type":"post","link":"https:\/\/radiokfor.com\/2\/svetski-dan-borbe-protiv-decijeg-rada-2\/","title":{"rendered":"Svetski dan borbe protiv de\u010dijeg rada"},"content":{"rendered":"<p>Danas, na Svetski dan borbe protiv de\u010dijeg rada, organizacije \u0161irom sveta tra\u017ee za\u0161titu dece od rada.<\/p>\n<p>Prema podacima Me\u0111unarodne organizacije rada, u svetu je trenutno ekonomski aktivno 218 miliona dece uzrasta izme\u0111u 5 i 17 godina. Skoro 70% (152 miliona) od tog broja u\u010destvuje u onome \u0161to se naziva de\u010dji rad, i to 64 miliona devoj\u010dica i 88 miliona de\u010daka, dok ostali u\u010destvuju u prihvatljivim oblicima rada.<\/p>\n<p>Sa druge strane, skoro polovina te dece (73 miliona) radi poslove koji se smatraju opasnim po zdravlje, bezbednost i razvoj dece. Isti podaci pokazuju da je 71% dece koja rade anga\u017eovano u sektoru poljoprivrede.<\/p>\n<p>Na Svetski dan borbe protiv de\u010dijeg rada moramo se jo\u0161 jednom podsetiti na po\u0161tovanje Univerzalne konvencije Me\u0111unarodne organizacije rada o de\u010dijem radu kako bi obezbedili efikasni napredak u eliminisanju de\u010dijeg rada kao i akcije za izgradnju svetskog pokreta protiv de\u010dijeg rada.<\/p>\n<p>&nbsp;<\/p>\n","protected":false},"excerpt":{"rendered":"<p>Danas, na Svetski dan borbe protiv de\u010dijeg rada, organizacije \u0161irom sveta tra\u017ee za\u0161titu dece od rada. Prema podacima Me\u0111unarodne organizacije rada, u svetu je trenutno ekonomski aktivno 218 miliona dece uzrasta izme\u0111u 5 i 17 godina. Skoro 70% (152 miliona) od tog broja u\u010destvuje u onome \u0161to se naziva de\u010dji rad, i to 64 miliona&hellip;<\/p>\n","protected":false},"author":2,"featured_media":20994,"comment_status":"closed","ping_status":"closed","sticky":false,"template":"","format":"standard","meta":{"footnotes":""},"categories":[2],"tags":[],"class_list":["post-20993","post","type-post","status-publish","format-standard","has-post-thumbnail","hentry","category-news","category-2","description-off"],"_links":{"self":[{"href":"https:\/\/radiokfor.com\/2\/wp-json\/wp\/v2\/posts\/20993","targetHints":{"allow":["GET"]}}],"collection":[{"href":"https:\/\/radiokfor.com\/2\/wp-json\/wp\/v2\/posts"}],"about":[{"href":"https:\/\/radiokfor.com\/2\/wp-json\/wp\/v2\/types\/post"}],"author":[{"embeddable":true,"href":"https:\/\/radiokfor.com\/2\/wp-json\/wp\/v2\/users\/2"}],"replies":[{"embeddable":true,"href":"https:\/\/radiokfor.com\/2\/wp-json\/wp\/v2\/comments?post=20993"}],"version-history":[{"count":1,"href":"https:\/\/radiokfor.com\/2\/wp-json\/wp\/v2\/posts\/20993\/revisions"}],"predecessor-version":[{"id":20995,"href":"https:\/\/radiokfor.com\/2\/wp-json\/wp\/v2\/posts\/20993\/revisions\/20995"}],"wp:featuredmedia":[{"embeddable":true,"href":"https:\/\/radiokfor.com\/2\/wp-json\/wp\/v2\/media\/20994"}],"wp:attachment":[{"href":"https:\/\/radiokfor.com\/2\/wp-json\/wp\/v2\/media?parent=20993"}],"wp:term":[{"taxonomy":"category","embeddable":true,"href":"https:\/\/radiokfor.com\/2\/wp-json\/wp\/v2\/categories?post=20993"},{"taxonomy":"post_tag","embeddable":true,"href":"https:\/\/radiokfor.com\/2\/wp-json\/wp\/v2\/tags?post=20993"}],"curies":[{"name":"wp","href":"https:\/\/api.w.org\/{rel}","templated":true}]}}