{"id":20806,"date":"2023-05-24T11:27:27","date_gmt":"2023-05-24T09:27:27","guid":{"rendered":"https:\/\/radiokfor.com\/2\/?p=20806"},"modified":"2023-05-24T11:27:27","modified_gmt":"2023-05-24T09:27:27","slug":"svetski-dan-sizofrenije-podizanje-svesti-o-ovoj-mentalnoj-bolesti","status":"publish","type":"post","link":"https:\/\/radiokfor.com\/2\/svetski-dan-sizofrenije-podizanje-svesti-o-ovoj-mentalnoj-bolesti\/","title":{"rendered":"Svetski dan \u0161izofrenije: Podizanje svesti o ovoj mentalnoj bolesti"},"content":{"rendered":"<p>Svetski dan \u0161izofrenije obele\u017eava se svake godine 24. maja, sa ciljem podizanja svesti o ovoj slo\u017eenoj mentalnoj bolesti. \u0160izofrenija je poreme\u0107aj koji zahvata oko 1% populacije \u0161irom sveta, a karakteri\u0161u je poreme\u0107aji mi\u0161ljenja, percepcije i emocionalne reaktivnosti. Ovaj dan pru\u017ea priliku da se razbiju predrasude i stigme koje prate ljude koji \u017eive sa \u0161izofrenijom.<\/p>\n<p>Glavni cilj obele\u017eavanja Svetskog dana \u0161izofrenije je edukacija javnosti o ovoj bolesti, kako bi se smanjila stigma i omogu\u0107io kvalitetniji \u017eivot pacijentima. Mnogi ljudi imaju pogre\u0161na shvatanja o \u0161izofreniji, smatraju\u0107i je podeljenom li\u010dno\u0161\u0107u ili nasilnom bole\u0161\u0107u. Me\u0111utim, istina je da ve\u0107ina ljudi sa \u0161izofrenijom nisu nasilni i mogu da vode ispunjen \u017eivot uz odgovaraju\u0107u medicinsku negu i podr\u0161ku.<\/p>\n<p>Va\u017eno je naglasiti da \u0161izofrenija nije posledica slabosti volje ili lo\u0161eg vaspitanja. Nau\u010dna istra\u017eivanja ukazuju na genetske, neurohemijske i okru\u017ene faktore koji mogu doprineti razvoju ove bolesti. Rani simptomi \u0161izofrenije mogu uklju\u010divati promene u pona\u0161anju, poreme\u0107aje spavanja, povla\u010denje iz dru\u0161tva i sumanute misli. Pravovremena dijagnoza i intervencija su klju\u010dni za pobolj\u0161anje kvaliteta \u017eivota pacijenata.<\/p>\n","protected":false},"excerpt":{"rendered":"<p>Svetski dan \u0161izofrenije obele\u017eava se svake godine 24. maja, sa ciljem podizanja svesti o ovoj slo\u017eenoj mentalnoj bolesti. \u0160izofrenija je poreme\u0107aj koji zahvata oko 1% populacije \u0161irom sveta, a karakteri\u0161u je poreme\u0107aji mi\u0161ljenja, percepcije i emocionalne reaktivnosti. Ovaj dan pru\u017ea priliku da se razbiju predrasude i stigme koje prate ljude koji \u017eive sa \u0161izofrenijom. Glavni&hellip;<\/p>\n","protected":false},"author":2,"featured_media":20807,"comment_status":"closed","ping_status":"closed","sticky":false,"template":"","format":"standard","meta":{"footnotes":""},"categories":[2],"tags":[],"class_list":["post-20806","post","type-post","status-publish","format-standard","has-post-thumbnail","hentry","category-news","category-2","description-off"],"_links":{"self":[{"href":"https:\/\/radiokfor.com\/2\/wp-json\/wp\/v2\/posts\/20806","targetHints":{"allow":["GET"]}}],"collection":[{"href":"https:\/\/radiokfor.com\/2\/wp-json\/wp\/v2\/posts"}],"about":[{"href":"https:\/\/radiokfor.com\/2\/wp-json\/wp\/v2\/types\/post"}],"author":[{"embeddable":true,"href":"https:\/\/radiokfor.com\/2\/wp-json\/wp\/v2\/users\/2"}],"replies":[{"embeddable":true,"href":"https:\/\/radiokfor.com\/2\/wp-json\/wp\/v2\/comments?post=20806"}],"version-history":[{"count":2,"href":"https:\/\/radiokfor.com\/2\/wp-json\/wp\/v2\/posts\/20806\/revisions"}],"predecessor-version":[{"id":20809,"href":"https:\/\/radiokfor.com\/2\/wp-json\/wp\/v2\/posts\/20806\/revisions\/20809"}],"wp:featuredmedia":[{"embeddable":true,"href":"https:\/\/radiokfor.com\/2\/wp-json\/wp\/v2\/media\/20807"}],"wp:attachment":[{"href":"https:\/\/radiokfor.com\/2\/wp-json\/wp\/v2\/media?parent=20806"}],"wp:term":[{"taxonomy":"category","embeddable":true,"href":"https:\/\/radiokfor.com\/2\/wp-json\/wp\/v2\/categories?post=20806"},{"taxonomy":"post_tag","embeddable":true,"href":"https:\/\/radiokfor.com\/2\/wp-json\/wp\/v2\/tags?post=20806"}],"curies":[{"name":"wp","href":"https:\/\/api.w.org\/{rel}","templated":true}]}}