{"id":2079,"date":"2017-11-06T11:59:52","date_gmt":"2017-11-06T11:59:52","guid":{"rendered":"http:\/\/radiokfor.com\/2\/?p=2079"},"modified":"2018-12-10T12:01:02","modified_gmt":"2018-12-10T12:01:02","slug":"leva-strana-uma","status":"publish","type":"post","link":"https:\/\/radiokfor.com\/2\/leva-strana-uma\/","title":{"rendered":"\u201cLeva strana uma\u201d"},"content":{"rendered":"<div class=\"description\">\n<p>Izlo\u017eba slika Stefana \u0110ur\u0111anovi\u0107a i Mladena Risti\u0107a bi\u0107e otvorena u galeriji \u201cAkvarijus\u201d u Mitrovici, u utorak 7. Novembra u 20 sati. Ova izlo\u017eba predstavlja glavnu nagradu koja je Stefanu \u0110ur\u0111anovi\u0107u pripala kao pobedniku drugog ciklusa Likovnih okr\u0161aja u galeriji \u201cAkvarijus\u201d.<\/p>\n<p>Kroz seriju radova \u201cLeva strana uma\u201d, Stefan \u0110ur\u0111anovi\u0107 govori nam o emotivnim i psiholo\u0161kim stanjima ljudi, prvenstveno omladine. Data stanja prikazuje kroz figuraciju koja je \u010desto deformisana i upotpunjena oblicima i simbolima. Radovi nam govore o ograni\u010denom znanju, i sve ve\u0107em odsustvu duhovnosti kod ljudi, kao i ispoljavanju strahova, \u017eivotinjskih nagona, emotivnih stanja i potreba koji se kriju u svima nama. Mladen Risti\u0107 u svom radu prikazuje suo\u010davanje pojedinca i namerno pribli\u017eava, odnosno posmatra okru\u017eenje kroz riblje oko.<\/p>\n<p>U okviru izlo\u017ebe u galeriji \u201cAkvarijus\u201d, umetnik pokazuje vrlo jasan i direktan odnos prema portretu kao jednom od va\u017enih psiholo\u0161kih odrednica li\u010dnosti. U galeriji \u201cAkvarijus\u201d u Mitrovici uskoro po\u010dinje nova, tre\u0107a sezona likovnih okr\u0161aja.<\/p>\n<\/div>\n","protected":false},"excerpt":{"rendered":"<p>Izlo\u017eba slika Stefana \u0110ur\u0111anovi\u0107a i Mladena Risti\u0107a bi\u0107e otvorena u galeriji \u201cAkvarijus\u201d u Mitrovici, u utorak 7. Novembra u 20 sati. Ova izlo\u017eba predstavlja glavnu nagradu koja je Stefanu \u0110ur\u0111anovi\u0107u pripala kao pobedniku drugog ciklusa Likovnih okr\u0161aja u galeriji \u201cAkvarijus\u201d. Kroz seriju radova \u201cLeva strana uma\u201d, Stefan \u0110ur\u0111anovi\u0107 govori nam o emotivnim i psiholo\u0161kim stanjima&hellip;<\/p>\n","protected":false},"author":2,"featured_media":2081,"comment_status":"open","ping_status":"open","sticky":false,"template":"","format":"standard","meta":{"footnotes":""},"categories":[2],"tags":[17,776],"class_list":["post-2079","post","type-post","status-publish","format-standard","has-post-thumbnail","hentry","category-news","tag-galerija-akvarijus","tag-leva-strana-uma","category-2","description-off"],"_links":{"self":[{"href":"https:\/\/radiokfor.com\/2\/wp-json\/wp\/v2\/posts\/2079","targetHints":{"allow":["GET"]}}],"collection":[{"href":"https:\/\/radiokfor.com\/2\/wp-json\/wp\/v2\/posts"}],"about":[{"href":"https:\/\/radiokfor.com\/2\/wp-json\/wp\/v2\/types\/post"}],"author":[{"embeddable":true,"href":"https:\/\/radiokfor.com\/2\/wp-json\/wp\/v2\/users\/2"}],"replies":[{"embeddable":true,"href":"https:\/\/radiokfor.com\/2\/wp-json\/wp\/v2\/comments?post=2079"}],"version-history":[{"count":1,"href":"https:\/\/radiokfor.com\/2\/wp-json\/wp\/v2\/posts\/2079\/revisions"}],"predecessor-version":[{"id":2082,"href":"https:\/\/radiokfor.com\/2\/wp-json\/wp\/v2\/posts\/2079\/revisions\/2082"}],"wp:featuredmedia":[{"embeddable":true,"href":"https:\/\/radiokfor.com\/2\/wp-json\/wp\/v2\/media\/2081"}],"wp:attachment":[{"href":"https:\/\/radiokfor.com\/2\/wp-json\/wp\/v2\/media?parent=2079"}],"wp:term":[{"taxonomy":"category","embeddable":true,"href":"https:\/\/radiokfor.com\/2\/wp-json\/wp\/v2\/categories?post=2079"},{"taxonomy":"post_tag","embeddable":true,"href":"https:\/\/radiokfor.com\/2\/wp-json\/wp\/v2\/tags?post=2079"}],"curies":[{"name":"wp","href":"https:\/\/api.w.org\/{rel}","templated":true}]}}