{"id":20576,"date":"2023-05-01T11:50:51","date_gmt":"2023-05-01T09:50:51","guid":{"rendered":"https:\/\/radiokfor.com\/2\/?p=20576"},"modified":"2023-05-01T11:50:51","modified_gmt":"2023-05-01T09:50:51","slug":"prvi-maj-medunarodni-praznik-rada-2","status":"publish","type":"post","link":"https:\/\/radiokfor.com\/2\/prvi-maj-medunarodni-praznik-rada-2\/","title":{"rendered":"Prvi maj &#8211; Me\u0111unarodni praznik rada"},"content":{"rendered":"<p>Me\u0111unarodni praznik rada obele\u017eava se danas \u0161irom sveta. U znak se\u0107anja na doga\u0111aje iz 1886. godine kada su desetine hiljada radnika u \u010cikagu stupile u \u0161trajk, zahtevaju\u0107i osmo\u010dasovno radno vreme.<\/p>\n<p>Tog dana u \u010cikagu, oko 40.000 ameri\u010dkih radnika stupilo je u generalni \u0161trajk, zahtevaju\u0107i bolje uslove rada, izra\u017eene u paroli \u201ctri osmice\u201d \u2013 po osam sati rada, odmora i slobodnog vremena Organizatori su prethodno predo\u010dili probleme i neposredne zahteve poslodavcima i vlastima.<\/p>\n<p>Me\u0111unarodni praznik rada u pojedinim zemljama je praznik kojim pripadnici i simpatizeri radni\u010dkog pokreta iskazuju op\u0161tu solidarnost radni\u0161tva i obele\u017eavaju se\u0107anje na dostignu\u0107a radni\u010dkog pokreta, odnosno \u017ertve koje su pripadnici radni\u010dkog pokreta podneli kako bi se izborili za ve\u0107a radna prava.<\/p>\n<p>Kako je u institucijama 1. maj neradan dan, za mnoge je ovo dobra prilika za okupljanje i dru\u017eenje sa prijateljima i porodicom.<\/p>\n","protected":false},"excerpt":{"rendered":"<p>Me\u0111unarodni praznik rada obele\u017eava se danas \u0161irom sveta. U znak se\u0107anja na doga\u0111aje iz 1886. godine kada su desetine hiljada radnika u \u010cikagu stupile u \u0161trajk, zahtevaju\u0107i osmo\u010dasovno radno vreme. Tog dana u \u010cikagu, oko 40.000 ameri\u010dkih radnika stupilo je u generalni \u0161trajk, zahtevaju\u0107i bolje uslove rada, izra\u017eene u paroli \u201ctri osmice\u201d \u2013 po osam&hellip;<\/p>\n","protected":false},"author":2,"featured_media":3593,"comment_status":"closed","ping_status":"closed","sticky":false,"template":"","format":"standard","meta":{"footnotes":""},"categories":[2],"tags":[],"class_list":["post-20576","post","type-post","status-publish","format-standard","has-post-thumbnail","hentry","category-news","category-2","description-off"],"_links":{"self":[{"href":"https:\/\/radiokfor.com\/2\/wp-json\/wp\/v2\/posts\/20576","targetHints":{"allow":["GET"]}}],"collection":[{"href":"https:\/\/radiokfor.com\/2\/wp-json\/wp\/v2\/posts"}],"about":[{"href":"https:\/\/radiokfor.com\/2\/wp-json\/wp\/v2\/types\/post"}],"author":[{"embeddable":true,"href":"https:\/\/radiokfor.com\/2\/wp-json\/wp\/v2\/users\/2"}],"replies":[{"embeddable":true,"href":"https:\/\/radiokfor.com\/2\/wp-json\/wp\/v2\/comments?post=20576"}],"version-history":[{"count":1,"href":"https:\/\/radiokfor.com\/2\/wp-json\/wp\/v2\/posts\/20576\/revisions"}],"predecessor-version":[{"id":20577,"href":"https:\/\/radiokfor.com\/2\/wp-json\/wp\/v2\/posts\/20576\/revisions\/20577"}],"wp:featuredmedia":[{"embeddable":true,"href":"https:\/\/radiokfor.com\/2\/wp-json\/wp\/v2\/media\/3593"}],"wp:attachment":[{"href":"https:\/\/radiokfor.com\/2\/wp-json\/wp\/v2\/media?parent=20576"}],"wp:term":[{"taxonomy":"category","embeddable":true,"href":"https:\/\/radiokfor.com\/2\/wp-json\/wp\/v2\/categories?post=20576"},{"taxonomy":"post_tag","embeddable":true,"href":"https:\/\/radiokfor.com\/2\/wp-json\/wp\/v2\/tags?post=20576"}],"curies":[{"name":"wp","href":"https:\/\/api.w.org\/{rel}","templated":true}]}}