{"id":20550,"date":"2023-04-27T15:19:28","date_gmt":"2023-04-27T13:19:28","guid":{"rendered":"https:\/\/radiokfor.com\/2\/?p=20550"},"modified":"2023-04-27T15:19:28","modified_gmt":"2023-04-27T13:19:28","slug":"kroz-poeziju-i-muziku-do-pomirenja","status":"publish","type":"post","link":"https:\/\/radiokfor.com\/2\/kroz-poeziju-i-muziku-do-pomirenja\/","title":{"rendered":"Kroz poeziju i muziku do pomirenja"},"content":{"rendered":"<p><strong>Community Building Mitrovica<\/strong> i <strong>Inicijativa mladih za ljudska prava na Kosovu<\/strong> organizovali su umetni\u010dko ve\u010de, pro\u017eeto muzikom i poezijom, multietni\u010dki projekat sa ciljem okupljanja ljubitelja umetnosti.<\/p>\n<p>Izvr\u0161na direktorka Organizacije \u201eDefy Them\u201c, Lira Blakaj, uzbu\u0111ena brojem u\u010desnika, rekla je:<\/p>\n<p>\u201eDanas odr\u017eavamo sveobuhvatnu aktivnost razli\u010ditih etni\u010dkih grupa na Kosovu. Slu\u0161amo muziku i \u010ditac\u0301emo poeziju na tri jezika, romskom, srpskom i albanskom, koju je napisala devoj\u010dica iz srpske zajednice. Svrha je da prenesemo poruku da umetnost i muzika prevazilaze sve podele i da uvek razvijaju ne\u0161to lepo umetni\u010dki, kako bi mir zavladao.\u201c<\/p>\n<p>Asistent Inicijative mladih za ljudska prava, Dimitrije Obrenovic\u0301 govorio je o svrsi ove organizacije:<\/p>\n<p>\u201eNa\u0161 cilj je da stvorimo vezu izme\u0111u mladih ljudi koji \u017eive na ovim prostorima i da im \u017eivot u\u010dinimo boljim i lep\u0161im. Danas imamo projekat \u010ditanja poezije, koji je napisala Andrea. Ova pesma je prevedena na tri razli\u010dita jezika, a posle c\u0301emo imati \u017eurku na kojoj c\u0301e mladi imati priliku da pevaju, zabavljaju se i igraju.&#8221;<\/p>\n<p>Jo\u0161 jedna asistentkinja programa pri organizaciji Inicijativa mladih za ljudska prava, Hana Beri\u0161a, prisutna na ovom doga\u0111aju, rekla je:<\/p>\n<p>\u201eOva inicijativa je proizvod radionice koju smo odr\u017eali u februaru i originalna je ideja u\u010desnika, koji su deo ove inicijative. Dakle, ova ideja je potekla od njih, kao ga\u0161enje narativa o predrasudama i podelama zajednica. Poruka ovog projekta je da ujedinimo kulture, da ih me\u0111usobno delimo i da se \u0161to vi\u0161e dru\u017eimo.\u201c<\/p>\n<p>Mentor Muzi\u010dkog centra \u201cMusic 4 All\u201d, D\u017eemal Mustafa, dodao je:<\/p>\n<p>\u201eU na\u0161em centru imamo 64 dece i sa njima radimo mnoge aktivnosti, uklju\u010dujuc\u0301i rad sa instrumentima i pevanje. \u017delim da se javno zahvalim roditeljima koji su nas podr\u017eali i raduju se \u0161to c\u0301e njihova deca u\u010destvovati na ovakvom koncertu. Za nas je u\u010de\u0161c\u0301e na ovakvim doga\u0111ajima veoma va\u017eno, jer se povezujemo sa ljudima iz drugih sredina, sa kojima razmenjujemo kontakte i iskustva.\u201c<\/p>\n<p>Ovaj doga\u0111aj je bio deo aktivnosti pomirenja i transformacije konflikata, koju sprovodi Community Building Mitrovica i partnerska Inicijativa mladih za ljudska prava na Kosovu, koju podr\u017eava ameri\u010dki narod preko USAID-a na Kosovu.<\/p>\n","protected":false},"excerpt":{"rendered":"<p>Community Building Mitrovica i Inicijativa mladih za ljudska prava na Kosovu organizovali su umetni\u010dko ve\u010de, pro\u017eeto muzikom i poezijom, multietni\u010dki projekat sa ciljem okupljanja ljubitelja umetnosti. Izvr\u0161na direktorka Organizacije \u201eDefy Them\u201c, Lira Blakaj, uzbu\u0111ena brojem u\u010desnika, rekla je: \u201eDanas odr\u017eavamo sveobuhvatnu aktivnost razli\u010ditih etni\u010dkih grupa na Kosovu. Slu\u0161amo muziku i \u010ditac\u0301emo poeziju na tri jezika,&hellip;<\/p>\n","protected":false},"author":9,"featured_media":20551,"comment_status":"closed","ping_status":"closed","sticky":false,"template":"","format":"standard","meta":{"footnotes":""},"categories":[2],"tags":[],"class_list":["post-20550","post","type-post","status-publish","format-standard","has-post-thumbnail","hentry","category-news","category-2","description-off"],"_links":{"self":[{"href":"https:\/\/radiokfor.com\/2\/wp-json\/wp\/v2\/posts\/20550","targetHints":{"allow":["GET"]}}],"collection":[{"href":"https:\/\/radiokfor.com\/2\/wp-json\/wp\/v2\/posts"}],"about":[{"href":"https:\/\/radiokfor.com\/2\/wp-json\/wp\/v2\/types\/post"}],"author":[{"embeddable":true,"href":"https:\/\/radiokfor.com\/2\/wp-json\/wp\/v2\/users\/9"}],"replies":[{"embeddable":true,"href":"https:\/\/radiokfor.com\/2\/wp-json\/wp\/v2\/comments?post=20550"}],"version-history":[{"count":1,"href":"https:\/\/radiokfor.com\/2\/wp-json\/wp\/v2\/posts\/20550\/revisions"}],"predecessor-version":[{"id":20552,"href":"https:\/\/radiokfor.com\/2\/wp-json\/wp\/v2\/posts\/20550\/revisions\/20552"}],"wp:featuredmedia":[{"embeddable":true,"href":"https:\/\/radiokfor.com\/2\/wp-json\/wp\/v2\/media\/20551"}],"wp:attachment":[{"href":"https:\/\/radiokfor.com\/2\/wp-json\/wp\/v2\/media?parent=20550"}],"wp:term":[{"taxonomy":"category","embeddable":true,"href":"https:\/\/radiokfor.com\/2\/wp-json\/wp\/v2\/categories?post=20550"},{"taxonomy":"post_tag","embeddable":true,"href":"https:\/\/radiokfor.com\/2\/wp-json\/wp\/v2\/tags?post=20550"}],"curies":[{"name":"wp","href":"https:\/\/api.w.org\/{rel}","templated":true}]}}