{"id":2055,"date":"2017-11-14T11:22:36","date_gmt":"2017-11-14T11:22:36","guid":{"rendered":"http:\/\/radiokfor.com\/2\/?p=2055"},"modified":"2018-12-10T11:23:52","modified_gmt":"2018-12-10T11:23:52","slug":"poslednja-konferencija-za-medije-odlazeceg-komandanta-kfor-a-general-majora-giovanni-fungo","status":"publish","type":"post","link":"https:\/\/radiokfor.com\/2\/poslednja-konferencija-za-medije-odlazeceg-komandanta-kfor-a-general-majora-giovanni-fungo\/","title":{"rendered":"Poslednja konferencija za medije odlaze\u0107eg komandanta KFOR-a, General-Majora Giovanni Fungo"},"content":{"rendered":"<p>Odlaze\u0107i komandant KFOR-a, General-Major Giovanni Fungo rekao je da je tokom njegovog mandata zabele\u017een napredak u pogledu normalizacije situacije na Kosovu.<\/p>\n<p>\u201cMoje operativne prioritete proaktivno su sprovele sve jedinice i svo osoblje, vi\u0161e na terenu, sa vi\u0161e usresre\u0111enosti i efikasnosti\u201d, rekao je Fungo, na poslednoj konferenciji za novinare u svojstvu komandanta KFOR-a.<\/p>\n<p>Zvani\u010dna ceremonija primopredaje du\u017enosti komandanta KFOR-a \u0107e se odr\u017eati u Glavnom \u0161tabu KFOR-a\u00a0u bazi Film City u Pri\u0161tini, 15. Novembra 2017. od 11:30 \u010dasova. Du\u017enost preuzima General-Major Salvatore Cuoci.<\/p>\n","protected":false},"excerpt":{"rendered":"<p>Odlaze\u0107i komandant KFOR-a, General-Major Giovanni Fungo rekao je da je tokom njegovog mandata zabele\u017een napredak u pogledu normalizacije situacije na Kosovu. \u201cMoje operativne prioritete proaktivno su sprovele sve jedinice i svo osoblje, vi\u0161e na terenu, sa vi\u0161e usresre\u0111enosti i efikasnosti\u201d, rekao je Fungo, na poslednoj konferenciji za novinare u svojstvu komandanta KFOR-a. Zvani\u010dna ceremonija primopredaje&hellip;<\/p>\n","protected":false},"author":2,"featured_media":2057,"comment_status":"open","ping_status":"open","sticky":false,"template":"","format":"standard","meta":{"footnotes":""},"categories":[2],"tags":[770,36],"class_list":["post-2055","post","type-post","status-publish","format-standard","has-post-thumbnail","hentry","category-news","tag-giovanni-fungo","tag-kfor","category-2","description-off"],"_links":{"self":[{"href":"https:\/\/radiokfor.com\/2\/wp-json\/wp\/v2\/posts\/2055","targetHints":{"allow":["GET"]}}],"collection":[{"href":"https:\/\/radiokfor.com\/2\/wp-json\/wp\/v2\/posts"}],"about":[{"href":"https:\/\/radiokfor.com\/2\/wp-json\/wp\/v2\/types\/post"}],"author":[{"embeddable":true,"href":"https:\/\/radiokfor.com\/2\/wp-json\/wp\/v2\/users\/2"}],"replies":[{"embeddable":true,"href":"https:\/\/radiokfor.com\/2\/wp-json\/wp\/v2\/comments?post=2055"}],"version-history":[{"count":1,"href":"https:\/\/radiokfor.com\/2\/wp-json\/wp\/v2\/posts\/2055\/revisions"}],"predecessor-version":[{"id":2058,"href":"https:\/\/radiokfor.com\/2\/wp-json\/wp\/v2\/posts\/2055\/revisions\/2058"}],"wp:featuredmedia":[{"embeddable":true,"href":"https:\/\/radiokfor.com\/2\/wp-json\/wp\/v2\/media\/2057"}],"wp:attachment":[{"href":"https:\/\/radiokfor.com\/2\/wp-json\/wp\/v2\/media?parent=2055"}],"wp:term":[{"taxonomy":"category","embeddable":true,"href":"https:\/\/radiokfor.com\/2\/wp-json\/wp\/v2\/categories?post=2055"},{"taxonomy":"post_tag","embeddable":true,"href":"https:\/\/radiokfor.com\/2\/wp-json\/wp\/v2\/tags?post=2055"}],"curies":[{"name":"wp","href":"https:\/\/api.w.org\/{rel}","templated":true}]}}