{"id":20535,"date":"2023-04-26T14:19:05","date_gmt":"2023-04-26T12:19:05","guid":{"rendered":"https:\/\/radiokfor.com\/2\/?p=20535"},"modified":"2023-04-26T14:19:05","modified_gmt":"2023-04-26T12:19:05","slug":"dancon-mars-jedanaest-i-po-hiljada-evra-za-skolu-kosovski-bozur","status":"publish","type":"post","link":"https:\/\/radiokfor.com\/2\/dancon-mars-jedanaest-i-po-hiljada-evra-za-skolu-kosovski-bozur\/","title":{"rendered":"DANCON mar\u0161: Jedanaest i po hiljada evra za \u0161kolu \u201eKosovski bo\u017eur\u201c"},"content":{"rendered":"<p>Danski kontingent KFOR-a je u kampu Novo Selo 31. marta i 1. aprila organizovao tradicionalni DANCON mar\u0161. Tokom ovog humanitarnog mar\u0161a u kojem je u\u010destvovalo vi\u0161e od hiljadu vojnika KFOR-a, prikupljeno je jedanaest i po hilljada. Novac je poklonjen osnovnoj i srednjoj \u0161koli za decu sa posebnim potrebama \u201eKosovski bo\u017eur\u201c u Severnoj Mitrovici.<\/p>\n<p>U\u010denici osnovne i srednje \u0161kole su pripadnike danskog kontigenta KFOR-a danas do\u010dekali sa pesmom. Pevali su i kazivali stihove o prijateljstvu u znak zahvalnosti za donaciju koja \u0107e im omogu\u0107iti da ove godine otputuju zajedno.<\/p>\n<p>Direktorka \u0161kole Marta Popovi\u0107 zahvalila je KFOR-u na ovoj vrednoj donaciji i najavila da \u0107e novac biti iskori\u0161\u0107en za rehabilitacionu ekskurziju na Zlatiboru.<\/p>\n<p>\u201e<em>Ovo ve\u0107 prelazi u jednu vrstu tradicije jer oni svake godine organizuju DANCON mar\u0161 i priu\u0161te ovoj deci neki odlazak na rekreativnu nastavu, znaju\u0107i da ve\u0107ina dece iz ove \u0161kole nije u mogu\u0107nosti da to ima. Tako da se na\u0161a saradnja nastavlja. \u017delim da im se zahvalim ovom prilikom i ka\u017eem da \u0107e im vrata ove \u0161kole uvek biti otvorena<\/em>\u201c, rekla je Popovi\u0107eva.<\/p>\n<p>DANCON mar\u0161 vu\u010de svoje korene sa Kipra i nastao je sedamdesetih godina pro\u0161log veka. Od tada danski vojnici nose svoju tradiciju u svaku misiju, pozivaju\u0107i i vojnike drugih nacionalnosti da u\u010destvuju u mar\u0161u.<\/p>\n<p>\u201e<em>Danas smo ovde jer smo odr\u017eali DANCON mar\u0161 tokom kojeg okupljamo sve nacije u KFOR-u i \u0161etamo oko na\u0161eg kampa, ukupno 25 kilometara. Ljudi u\u010destvuju kupujuc\u0301i kartu. Skupljeni novac od prodatih karata namenjen je \u0161koli u Mitrovici koja \u0107e organizovati letnji izlet<\/em>\u201c, rekao je kapetan Danskog kontigenta Kfora u kampu Novo Selo Rune Larsen.<\/p>\n<p>\u0160kola za osnovno i srednje obrazovanje \u201cKosovski bo\u017eur\u201d se bavi obrazovno-vaspitnim radom dece i omladine sa posebnim potrebama. Trenutno ima 52 u\u010denika.<\/p>\n","protected":false},"excerpt":{"rendered":"<p>Danski kontingent KFOR-a je u kampu Novo Selo 31. marta i 1. aprila organizovao tradicionalni DANCON mar\u0161. Tokom ovog humanitarnog mar\u0161a u kojem je u\u010destvovalo vi\u0161e od hiljadu vojnika KFOR-a, prikupljeno je jedanaest i po hilljada. Novac je poklonjen osnovnoj i srednjoj \u0161koli za decu sa posebnim potrebama \u201eKosovski bo\u017eur\u201c u Severnoj Mitrovici. U\u010denici osnovne&hellip;<\/p>\n","protected":false},"author":7,"featured_media":20538,"comment_status":"closed","ping_status":"closed","sticky":false,"template":"","format":"standard","meta":{"footnotes":""},"categories":[2],"tags":[],"class_list":["post-20535","post","type-post","status-publish","format-standard","has-post-thumbnail","hentry","category-news","category-2","description-off"],"_links":{"self":[{"href":"https:\/\/radiokfor.com\/2\/wp-json\/wp\/v2\/posts\/20535","targetHints":{"allow":["GET"]}}],"collection":[{"href":"https:\/\/radiokfor.com\/2\/wp-json\/wp\/v2\/posts"}],"about":[{"href":"https:\/\/radiokfor.com\/2\/wp-json\/wp\/v2\/types\/post"}],"author":[{"embeddable":true,"href":"https:\/\/radiokfor.com\/2\/wp-json\/wp\/v2\/users\/7"}],"replies":[{"embeddable":true,"href":"https:\/\/radiokfor.com\/2\/wp-json\/wp\/v2\/comments?post=20535"}],"version-history":[{"count":1,"href":"https:\/\/radiokfor.com\/2\/wp-json\/wp\/v2\/posts\/20535\/revisions"}],"predecessor-version":[{"id":20537,"href":"https:\/\/radiokfor.com\/2\/wp-json\/wp\/v2\/posts\/20535\/revisions\/20537"}],"wp:featuredmedia":[{"embeddable":true,"href":"https:\/\/radiokfor.com\/2\/wp-json\/wp\/v2\/media\/20538"}],"wp:attachment":[{"href":"https:\/\/radiokfor.com\/2\/wp-json\/wp\/v2\/media?parent=20535"}],"wp:term":[{"taxonomy":"category","embeddable":true,"href":"https:\/\/radiokfor.com\/2\/wp-json\/wp\/v2\/categories?post=20535"},{"taxonomy":"post_tag","embeddable":true,"href":"https:\/\/radiokfor.com\/2\/wp-json\/wp\/v2\/tags?post=20535"}],"curies":[{"name":"wp","href":"https:\/\/api.w.org\/{rel}","templated":true}]}}