{"id":20286,"date":"2023-04-03T12:54:42","date_gmt":"2023-04-03T10:54:42","guid":{"rendered":"https:\/\/radiokfor.com\/2\/?p=20286"},"modified":"2023-04-03T15:09:43","modified_gmt":"2023-04-03T13:09:43","slug":"procinje-sezona-prolecnih-alergija","status":"publish","type":"post","link":"https:\/\/radiokfor.com\/2\/procinje-sezona-prolecnih-alergija\/","title":{"rendered":"Po\u010dinje sezona prole\u0107nih alergija"},"content":{"rendered":"<p>Dolazak sun\u010danog i lepog vremena, \u0161arenog cve\u0107a i zelene trave nagove\u0161tava nam pristizanje dugo o\u010dekivanog prole\u0107a, ali i prole\u0107nih alergija.<\/p>\n<p>Naj\u010de\u0161\u0107i simptomi alergijskih reakcija su zapu\u0161enost, peckanje i curenje nosa, slivanje sekreta niz zid \u017edrela, karakteristi\u010dni svrab i suzenje o\u010diju i ka\u0161alj, obja\u0161njava doktorka Maja Pje\u0161ivac.<\/p>\n<p><em>\u201cZa\u0161tititi se od prole\u0107nih alergija nije lako, ali postoje neki saveti koji mogu pomo\u0107i.\u00a0Izbegavajte da provodite vreme na otvorenom kada je koncentracija polena najvi\u0161a, obi\u010dno ujutru i uve\u010de. Tu\u0161irajte se i presvucite ode\u0107u nakon boravka napolju, kako biste uklonili polen sa ko\u017ee i kose. Dr\u017eite prozore zatvorene i koristite klima ure\u0111aje sa filterima za vazduh. Nosite masku ili nao\u010dare kada izlazite, kako <\/em>biste spre\u010dili udisanje i dodir polena sa o\u010dima i nosom.\u201d<\/p>\n<p>Ukoliko vam nikada nije bila formalno dijagnostikovana prole\u0107na alergija, ali prime\u0107ujete neke simptome, potrebno je da uradite alergijske testove.<\/p>\n<p>Simptomi alergije mogu da uzrokuju napad astme, stoga prole\u0107ne alergije treba ozbiljno shvatiti i konsultovati se sa lekarom koji \u0107e preporu\u010diti na\u010din le\u010denja i prepisati odgovaraju\u0107e lekove ukoliko je potrebno.<\/p>\n","protected":false},"excerpt":{"rendered":"<p>Dolazak sun\u010danog i lepog vremena, \u0161arenog cve\u0107a i zelene trave nagove\u0161tava nam pristizanje dugo o\u010dekivanog prole\u0107a, ali i prole\u0107nih alergija. Naj\u010de\u0161\u0107i simptomi alergijskih reakcija su zapu\u0161enost, peckanje i curenje nosa, slivanje sekreta niz zid \u017edrela, karakteristi\u010dni svrab i suzenje o\u010diju i ka\u0161alj, obja\u0161njava doktorka Maja Pje\u0161ivac. \u201cZa\u0161tititi se od prole\u0107nih alergija nije lako, ali postoje&hellip;<\/p>\n","protected":false},"author":10,"featured_media":20287,"comment_status":"closed","ping_status":"closed","sticky":false,"template":"","format":"standard","meta":{"footnotes":""},"categories":[2],"tags":[],"class_list":["post-20286","post","type-post","status-publish","format-standard","has-post-thumbnail","hentry","category-news","category-2","description-off"],"_links":{"self":[{"href":"https:\/\/radiokfor.com\/2\/wp-json\/wp\/v2\/posts\/20286","targetHints":{"allow":["GET"]}}],"collection":[{"href":"https:\/\/radiokfor.com\/2\/wp-json\/wp\/v2\/posts"}],"about":[{"href":"https:\/\/radiokfor.com\/2\/wp-json\/wp\/v2\/types\/post"}],"author":[{"embeddable":true,"href":"https:\/\/radiokfor.com\/2\/wp-json\/wp\/v2\/users\/10"}],"replies":[{"embeddable":true,"href":"https:\/\/radiokfor.com\/2\/wp-json\/wp\/v2\/comments?post=20286"}],"version-history":[{"count":2,"href":"https:\/\/radiokfor.com\/2\/wp-json\/wp\/v2\/posts\/20286\/revisions"}],"predecessor-version":[{"id":20289,"href":"https:\/\/radiokfor.com\/2\/wp-json\/wp\/v2\/posts\/20286\/revisions\/20289"}],"wp:featuredmedia":[{"embeddable":true,"href":"https:\/\/radiokfor.com\/2\/wp-json\/wp\/v2\/media\/20287"}],"wp:attachment":[{"href":"https:\/\/radiokfor.com\/2\/wp-json\/wp\/v2\/media?parent=20286"}],"wp:term":[{"taxonomy":"category","embeddable":true,"href":"https:\/\/radiokfor.com\/2\/wp-json\/wp\/v2\/categories?post=20286"},{"taxonomy":"post_tag","embeddable":true,"href":"https:\/\/radiokfor.com\/2\/wp-json\/wp\/v2\/tags?post=20286"}],"curies":[{"name":"wp","href":"https:\/\/api.w.org\/{rel}","templated":true}]}}