{"id":2026,"date":"2017-11-20T14:10:11","date_gmt":"2017-11-20T14:10:11","guid":{"rendered":"http:\/\/radiokfor.com\/2\/?p=2026"},"modified":"2018-12-04T14:11:51","modified_gmt":"2018-12-04T14:11:51","slug":"svetski-dan-deteta-20-novembar-2","status":"publish","type":"post","link":"https:\/\/radiokfor.com\/2\/svetski-dan-deteta-20-novembar-2\/","title":{"rendered":"Svetski dan deteta, 20. Novembar"},"content":{"rendered":"<p>Deca kao aktivni u\u010desnici u dru\u0161tvu, stvaraju i kreiraju, me\u0111u njima nema razlike i zbog toga je veoma bitno ne uskratiti im mogu\u0107nost da poka\u017eu svoj potencijal i rade na sebi. U Generalnoj skup\u0161tini Ujedinjenih nacija, 20. novembra 1954. godine, progla\u0161en je Svetski dan deteta kao podsetnik da za ostvarivanje i za\u0161titu prava deteta ne mo\u017ee biti kompromisa.<\/p>\n<p>Pet godina kasnije, 1959. godine UN su usvojile Deklaraciju o pravima deteta, a ta\u010dno 30 godina kasnije i Konvenciju o pravima deteta, kojima se utvr\u0111uju osnovna prava: pravo na \u017eivot, opstanak i razvoj, najbolji interes deteta, prava na participaciju i nediskriminaciju.<\/p>\n<p>Cilj obele\u017eavanja ovog dana je skretanje pa\u017enje javnosti na obaveze koje dru\u0161tvo ima prema deci i na najva\u017enije probleme sa kojima se deca suo\u010davaju. U cilju proslave ovogodi\u0161njeg Svetskog dana deteta, UNICEF je pozvao decu \u0161irom sveta da preuzmu klju\u010dne uloge u medijima, politici, biznisu, sportu i zabavi kako bi pokazali svoju podr\u0161ku milionima svojih vr\u0161njaka koji su 20. novembra bez \u0161kolovanja, neza\u0161tic\u0301eni i iskorenjeni.<\/p>\n","protected":false},"excerpt":{"rendered":"<p>Deca kao aktivni u\u010desnici u dru\u0161tvu, stvaraju i kreiraju, me\u0111u njima nema razlike i zbog toga je veoma bitno ne uskratiti im mogu\u0107nost da poka\u017eu svoj potencijal i rade na sebi. U Generalnoj skup\u0161tini Ujedinjenih nacija, 20. novembra 1954. godine, progla\u0161en je Svetski dan deteta kao podsetnik da za ostvarivanje i za\u0161titu prava deteta ne&hellip;<\/p>\n","protected":false},"author":2,"featured_media":1948,"comment_status":"open","ping_status":"open","sticky":false,"template":"","format":"standard","meta":{"footnotes":""},"categories":[2],"tags":[762],"class_list":["post-2026","post","type-post","status-publish","format-standard","has-post-thumbnail","hentry","category-news","tag-svetski-dan-deteta","category-2","description-off"],"_links":{"self":[{"href":"https:\/\/radiokfor.com\/2\/wp-json\/wp\/v2\/posts\/2026","targetHints":{"allow":["GET"]}}],"collection":[{"href":"https:\/\/radiokfor.com\/2\/wp-json\/wp\/v2\/posts"}],"about":[{"href":"https:\/\/radiokfor.com\/2\/wp-json\/wp\/v2\/types\/post"}],"author":[{"embeddable":true,"href":"https:\/\/radiokfor.com\/2\/wp-json\/wp\/v2\/users\/2"}],"replies":[{"embeddable":true,"href":"https:\/\/radiokfor.com\/2\/wp-json\/wp\/v2\/comments?post=2026"}],"version-history":[{"count":1,"href":"https:\/\/radiokfor.com\/2\/wp-json\/wp\/v2\/posts\/2026\/revisions"}],"predecessor-version":[{"id":2028,"href":"https:\/\/radiokfor.com\/2\/wp-json\/wp\/v2\/posts\/2026\/revisions\/2028"}],"wp:featuredmedia":[{"embeddable":true,"href":"https:\/\/radiokfor.com\/2\/wp-json\/wp\/v2\/media\/1948"}],"wp:attachment":[{"href":"https:\/\/radiokfor.com\/2\/wp-json\/wp\/v2\/media?parent=2026"}],"wp:term":[{"taxonomy":"category","embeddable":true,"href":"https:\/\/radiokfor.com\/2\/wp-json\/wp\/v2\/categories?post=2026"},{"taxonomy":"post_tag","embeddable":true,"href":"https:\/\/radiokfor.com\/2\/wp-json\/wp\/v2\/tags?post=2026"}],"curies":[{"name":"wp","href":"https:\/\/api.w.org\/{rel}","templated":true}]}}