{"id":20215,"date":"2023-03-28T12:09:00","date_gmt":"2023-03-28T10:09:00","guid":{"rendered":"https:\/\/radiokfor.com\/2\/?p=20215"},"modified":"2023-03-28T12:09:00","modified_gmt":"2023-03-28T10:09:00","slug":"ceznem-da-vam-kazem-u-gracanici","status":"publish","type":"post","link":"https:\/\/radiokfor.com\/2\/ceznem-da-vam-kazem-u-gracanici\/","title":{"rendered":"\u201e\u010ceznem da vam ka\u017eem\u201c u Gra\u010danici"},"content":{"rendered":"<p>Dom kulture Gra\u010danica vas poziva na kabaretsku predstavu \u201e\u010ceznem da vam ka\u017eem\u201d, teatra Vuk, koja \u0107e biti odigrana u ponedeljak, 3. aprila od 20 \u010dasova.<\/p>\n<p>Sa \u017eeljom da se publika seti i o\u017eivi se\u0107anja na neka druga vremena, kojih se uglavnom se\u0107amo sa setom, glumac Milorad Damjanovi\u0107, prove\u0161\u0107e publiku kroz uspomene na detinjstvo, studentske dane, po\u010detak karijere, ali i savremeno doba u kome \u017eivimo.<\/p>\n<p>Svaka celina je upotpunjena poezijom, koja je obele\u017eila periode o kojima \u0107e glumac govoriti, ali i najva\u017enijim pesmama, istim onim koje predstavljaju bisere srpske poezije. Shodno scenariju, program kabarea isprati\u0107e an\u0111eoski glas Nata\u0161e Radovanovi\u0107, soprana Opere narodnog pozori\u0161ta u Beogradu.<\/p>\n<p>\u201e\u010ceznem da vam ka\u017eem\u201c, je duhovito, zanimljivo i emotivno putovanje kroz ono \u0161to jesmo, ono \u0161to su na\u0161i roditelji i ljudi oko nas. Pri\u010da svih nas, ispri\u010dana i otpevana kroz re\u010di onih na koje smo najvi\u0161e ponosni, kao \u0161to su Vasko Popa, Desanka Maksimovi\u0107, Jovan Du\u010di\u0107, Miroslav Anti\u0107&#8230;<\/p>\n","protected":false},"excerpt":{"rendered":"<p>Dom kulture Gra\u010danica vas poziva na kabaretsku predstavu \u201e\u010ceznem da vam ka\u017eem\u201d, teatra Vuk, koja \u0107e biti odigrana u ponedeljak, 3. aprila od 20 \u010dasova. Sa \u017eeljom da se publika seti i o\u017eivi se\u0107anja na neka druga vremena, kojih se uglavnom se\u0107amo sa setom, glumac Milorad Damjanovi\u0107, prove\u0161\u0107e publiku kroz uspomene na detinjstvo, studentske dane,&hellip;<\/p>\n","protected":false},"author":11,"featured_media":20216,"comment_status":"closed","ping_status":"closed","sticky":false,"template":"","format":"standard","meta":{"footnotes":""},"categories":[2],"tags":[],"class_list":["post-20215","post","type-post","status-publish","format-standard","has-post-thumbnail","hentry","category-news","category-2","description-off"],"_links":{"self":[{"href":"https:\/\/radiokfor.com\/2\/wp-json\/wp\/v2\/posts\/20215","targetHints":{"allow":["GET"]}}],"collection":[{"href":"https:\/\/radiokfor.com\/2\/wp-json\/wp\/v2\/posts"}],"about":[{"href":"https:\/\/radiokfor.com\/2\/wp-json\/wp\/v2\/types\/post"}],"author":[{"embeddable":true,"href":"https:\/\/radiokfor.com\/2\/wp-json\/wp\/v2\/users\/11"}],"replies":[{"embeddable":true,"href":"https:\/\/radiokfor.com\/2\/wp-json\/wp\/v2\/comments?post=20215"}],"version-history":[{"count":1,"href":"https:\/\/radiokfor.com\/2\/wp-json\/wp\/v2\/posts\/20215\/revisions"}],"predecessor-version":[{"id":20217,"href":"https:\/\/radiokfor.com\/2\/wp-json\/wp\/v2\/posts\/20215\/revisions\/20217"}],"wp:featuredmedia":[{"embeddable":true,"href":"https:\/\/radiokfor.com\/2\/wp-json\/wp\/v2\/media\/20216"}],"wp:attachment":[{"href":"https:\/\/radiokfor.com\/2\/wp-json\/wp\/v2\/media?parent=20215"}],"wp:term":[{"taxonomy":"category","embeddable":true,"href":"https:\/\/radiokfor.com\/2\/wp-json\/wp\/v2\/categories?post=20215"},{"taxonomy":"post_tag","embeddable":true,"href":"https:\/\/radiokfor.com\/2\/wp-json\/wp\/v2\/tags?post=20215"}],"curies":[{"name":"wp","href":"https:\/\/api.w.org\/{rel}","templated":true}]}}