{"id":20159,"date":"2023-03-21T15:17:53","date_gmt":"2023-03-21T14:17:53","guid":{"rendered":"https:\/\/radiokfor.com\/2\/?p=20159"},"modified":"2023-03-21T15:17:53","modified_gmt":"2023-03-21T14:17:53","slug":"svetski-dan-poezije-najlepsa-vrsta-ljudske-umetnicke-ekspresije","status":"publish","type":"post","link":"https:\/\/radiokfor.com\/2\/svetski-dan-poezije-najlepsa-vrsta-ljudske-umetnicke-ekspresije\/","title":{"rendered":"Svetski dan poezije: Najlep\u0161a vrsta ljudske umetni\u010dke ekspresije"},"content":{"rendered":"<p>U svakoj kulturi i na svakom kontinentu, poezija govori o humanosti i na\u0161im zajedni\u010dkim vrednostima, pretvarajuc\u0301i najjednostavnije pesme u moc\u0301an pokreta\u010d dijaloga i mira, saop\u0161teno je danas iz UNESCO-a povodom <strong>Svetskog dan poezije<\/strong>.<\/p>\n<p>UNESKO je svetski dan poezije proglasio pre vi\u0161e godina, odnosno 1999. Pesnikinja <strong>Mila Mihajlov<\/strong><strong>i\u0107<\/strong> ka\u017ee da nam \u201epoezija daje \u0161ansu za stvaranje paralelnog, imaginarnog \u017eivota na krilima tu\u0111ih iskustava i iskrenih emocija preto\u010denih u vanvremensku lirsku formu\u201c.<\/p>\n<p>\u201c<em>Poezija nam pruza mogu\u0107nost zadiranja u druge, nama mo\u017eda \u010dak i apsolutno nepoznate dimenzije ljudskog uma, ali i samog univerzuma. Smatraju\u0107i da je poezija najlep\u0161a vrsta ljudske umetni\u010dke ekspresije i artikulacije raznolikih emocija sa kojima se \u010dovek kao socijalno bi\u0107e sa mogu\u0107no\u0161\u0107u gajenja ose\u0107anja susre\u0107e, prioritetno je da budemo upoznati s istom, jer nam ona pru\u017ea mogu\u0107nost spoznaje i realizacije raznolikih psiholo\u0161kih i sentimentalnih motiva. Pored toga, poezija nam svesrdno i nesebi\u010dno pru\u017ea mogu\u0107nost da volimo neznano i da sebi prigrlimo svaki stih u kome prona\u0111emo deli\u0107 sebe, svoje du\u0161e i svog uma<\/em>\u201d.<\/p>\n<p>Svetski dan poezije koji se svake godine obele\u017eava 21. marta, jedan od najdragocenijih oblika kulturnog i jezi\u010dkog izra\u017eavanja \u010dove\u010danstva, saop\u0161teno je iz UNESCO-a.<\/p>\n","protected":false},"excerpt":{"rendered":"<p>U svakoj kulturi i na svakom kontinentu, poezija govori o humanosti i na\u0161im zajedni\u010dkim vrednostima, pretvarajuc\u0301i najjednostavnije pesme u moc\u0301an pokreta\u010d dijaloga i mira, saop\u0161teno je danas iz UNESCO-a povodom Svetskog dan poezije. UNESKO je svetski dan poezije proglasio pre vi\u0161e godina, odnosno 1999. Pesnikinja Mila Mihajlovi\u0107 ka\u017ee da nam \u201epoezija daje \u0161ansu za stvaranje&hellip;<\/p>\n","protected":false},"author":7,"featured_media":20160,"comment_status":"closed","ping_status":"closed","sticky":false,"template":"","format":"standard","meta":{"footnotes":""},"categories":[2],"tags":[],"class_list":["post-20159","post","type-post","status-publish","format-standard","has-post-thumbnail","hentry","category-news","category-2","description-off"],"_links":{"self":[{"href":"https:\/\/radiokfor.com\/2\/wp-json\/wp\/v2\/posts\/20159","targetHints":{"allow":["GET"]}}],"collection":[{"href":"https:\/\/radiokfor.com\/2\/wp-json\/wp\/v2\/posts"}],"about":[{"href":"https:\/\/radiokfor.com\/2\/wp-json\/wp\/v2\/types\/post"}],"author":[{"embeddable":true,"href":"https:\/\/radiokfor.com\/2\/wp-json\/wp\/v2\/users\/7"}],"replies":[{"embeddable":true,"href":"https:\/\/radiokfor.com\/2\/wp-json\/wp\/v2\/comments?post=20159"}],"version-history":[{"count":1,"href":"https:\/\/radiokfor.com\/2\/wp-json\/wp\/v2\/posts\/20159\/revisions"}],"predecessor-version":[{"id":20161,"href":"https:\/\/radiokfor.com\/2\/wp-json\/wp\/v2\/posts\/20159\/revisions\/20161"}],"wp:featuredmedia":[{"embeddable":true,"href":"https:\/\/radiokfor.com\/2\/wp-json\/wp\/v2\/media\/20160"}],"wp:attachment":[{"href":"https:\/\/radiokfor.com\/2\/wp-json\/wp\/v2\/media?parent=20159"}],"wp:term":[{"taxonomy":"category","embeddable":true,"href":"https:\/\/radiokfor.com\/2\/wp-json\/wp\/v2\/categories?post=20159"},{"taxonomy":"post_tag","embeddable":true,"href":"https:\/\/radiokfor.com\/2\/wp-json\/wp\/v2\/tags?post=20159"}],"curies":[{"name":"wp","href":"https:\/\/api.w.org\/{rel}","templated":true}]}}