{"id":1997,"date":"2017-11-25T13:29:57","date_gmt":"2017-11-25T13:29:57","guid":{"rendered":"http:\/\/radiokfor.com\/2\/?p=1997"},"modified":"2018-12-04T13:31:58","modified_gmt":"2018-12-04T13:31:58","slug":"medunarodni-dan-za-eliminaciju-nasilja-nad-zenama-2","status":"publish","type":"post","link":"https:\/\/radiokfor.com\/2\/medunarodni-dan-za-eliminaciju-nasilja-nad-zenama-2\/","title":{"rendered":"Me\u0111unarodni dan za eliminaciju nasilja nad \u017eenama"},"content":{"rendered":"<p>Nasilje nad \u017eenama i devojkama je jedno od najra\u0161irenijih, upornih i razarajuc\u0301ih kr\u0161enja ljudskih prava u na\u0161em svetu danas. 25. novembar obele\u017eava se kao Me\u0111unarodni dan za eliminaciju nasilja nad \u017eenama.<\/p>\n<p>Nasilje nad \u017eenama predstavlja kr\u0161enje ljudskih prava i posledica je diskriminacije \u017eena, kako u zakonu tako i u praksi. Ovo nasilje uti\u010de i ote\u017eava napredak u mnogim oblastima, uklju\u010dujuc\u0301i iskorenjivanje siroma\u0161tva, borbu protiv side, i mir i\u00a0 sigurnost. Me\u0111utim, nasilje nad \u017eenama i devoj\u010dicama nije neizbe\u017eno. Prevencija je moguc\u0301a i su\u0161tinska.<\/p>\n<p>NVO \u201c\u017densko pravo\u201d iz Mitrovice vi\u0161e od decenije aktivno poma\u017ee \u017eenama \u017ertvama nasilja, radi na unapre\u0111enju \u017eenskih prava ali i na podizanju svesti kod gra\u0111ana, profesionalaca i institucija.<\/p>\n<p>Ru\u017eica Simi\u0107, direktorica ove NVO ka\u017ee da \u201c\u017densko pravo\u201d na Me\u0111unarodni dan za eliminaciju nasilja nad \u017eenama skre\u0107e pa\u017enju nizom aktivnosti na vi\u0161e lokacija u Mitrovici, koji su deo kampanje 16 dana aktivizma.<\/p>\n<p>\u201e16 dana aktivizma po\u010dinje 25 novembra me\u0111unarodnim danom \u017eenskih prava, ili naro\u010dito borbe protiv nasilja nad \u017eenama, a zavr\u0161ava se 10 decembra svetskim danom ljudskih prava. I mo\u017eda sama ta dva termina, ta dva zna\u010dajna dana upravo pokazuju su\u0161tinsku vezu i su\u0161tinski problem da su \u017eenska prava ustvari ljudska prava. Zato zavr\u0161avamo 16 dana aktivizma upravo sa desetim decembrom danom kada su Ujedinjene nacije donele univerzalnu deklaraciju o ljudskim pravima\u201c.<\/p>\n<p>Ovogodi\u0161nja tema kampanje 16 dana aktivizma je &#8220;Ne ostavljajte nikoga iza: okon\u010dajte nasilje nad \u017eenama i devojkama.\u201d Ovo je samo jedan od na\u010dina skretanja pa\u017enje na ovaj problem, jer po re\u010dima direktorice Simi\u0107 o pravima \u017eena treba brinuti svakodnevno i nasilje ne treba skrivati.<\/p>\n<p>\u201cNeka na\u0161a op\u0161ta dugogodi\u0161nja poruka, je nemoj da \u0107uti\u0161. Ako ima\u0161 prijateljicu za koju zna\u0161 da ima nekakve informacije ili nekakve kontakte sa institucijama po\u017eali se njoj, ako te majka ne razume mo\u017eda te sestra razume pa se po\u017eali njoj. Do\u0111i u centar za prevenciju i za\u0161titu \u017eena od nasilja, ovde \u0107e\u0161 dobiti kompletnu informaciju o tvom slu\u010daju, i jo\u0161 jedna poruka da se ovaj problem ne stavlja pod tepih nego da svi otvoreno o tome razgovaramo i da svi zajedni\u010dkim snagama poku\u0161amo da promenimo stanje u na\u0161em dru\u0161tvu, u na\u0161oj zajednici\u201d.<\/p>\n<p>25. Novembar, kao dan protiv nasilja nad \u017eenama obele\u017een je prvi put 1981. godine. Generalna skup\u0161tina Ujedinjenih nacija odredila je 25. novembar kao Me\u0111unarodni dan za eliminaciju nasilja nad \u017eenama 1999. godine dono\u0161enjem rezolucije i pozvala vlade, me\u0111unarodne organizacije i nevladine organizacije da organizuju aktivnosti tog dana na planu podizanja svesti javnosti o ovom problemu.<\/p>\n","protected":false},"excerpt":{"rendered":"<p>Nasilje nad \u017eenama i devojkama je jedno od najra\u0161irenijih, upornih i razarajuc\u0301ih kr\u0161enja ljudskih prava u na\u0161em svetu danas. 25. novembar obele\u017eava se kao Me\u0111unarodni dan za eliminaciju nasilja nad \u017eenama. Nasilje nad \u017eenama predstavlja kr\u0161enje ljudskih prava i posledica je diskriminacije \u017eena, kako u zakonu tako i u praksi. Ovo nasilje uti\u010de i ote\u017eava&hellip;<\/p>\n","protected":false},"author":2,"featured_media":525,"comment_status":"open","ping_status":"open","sticky":false,"template":"","format":"standard","meta":{"footnotes":""},"categories":[2],"tags":[752,184,186,20],"class_list":["post-1997","post","type-post","status-publish","format-standard","has-post-thumbnail","hentry","category-news","tag-medunarodni-dan-za-eliminaciju-nasilja-nad-zenama","tag-nvo-zensko-pravo","tag-ruzica-simic","tag-severna-mitrovica","category-2","description-off"],"_links":{"self":[{"href":"https:\/\/radiokfor.com\/2\/wp-json\/wp\/v2\/posts\/1997","targetHints":{"allow":["GET"]}}],"collection":[{"href":"https:\/\/radiokfor.com\/2\/wp-json\/wp\/v2\/posts"}],"about":[{"href":"https:\/\/radiokfor.com\/2\/wp-json\/wp\/v2\/types\/post"}],"author":[{"embeddable":true,"href":"https:\/\/radiokfor.com\/2\/wp-json\/wp\/v2\/users\/2"}],"replies":[{"embeddable":true,"href":"https:\/\/radiokfor.com\/2\/wp-json\/wp\/v2\/comments?post=1997"}],"version-history":[{"count":1,"href":"https:\/\/radiokfor.com\/2\/wp-json\/wp\/v2\/posts\/1997\/revisions"}],"predecessor-version":[{"id":1999,"href":"https:\/\/radiokfor.com\/2\/wp-json\/wp\/v2\/posts\/1997\/revisions\/1999"}],"wp:featuredmedia":[{"embeddable":true,"href":"https:\/\/radiokfor.com\/2\/wp-json\/wp\/v2\/media\/525"}],"wp:attachment":[{"href":"https:\/\/radiokfor.com\/2\/wp-json\/wp\/v2\/media?parent=1997"}],"wp:term":[{"taxonomy":"category","embeddable":true,"href":"https:\/\/radiokfor.com\/2\/wp-json\/wp\/v2\/categories?post=1997"},{"taxonomy":"post_tag","embeddable":true,"href":"https:\/\/radiokfor.com\/2\/wp-json\/wp\/v2\/tags?post=1997"}],"curies":[{"name":"wp","href":"https:\/\/api.w.org\/{rel}","templated":true}]}}