{"id":19954,"date":"2023-03-01T14:48:51","date_gmt":"2023-03-01T13:48:51","guid":{"rendered":"https:\/\/radiokfor.com\/2\/?p=19954"},"modified":"2023-03-01T14:53:25","modified_gmt":"2023-03-01T13:53:25","slug":"19954-2","status":"publish","type":"post","link":"https:\/\/radiokfor.com\/2\/19954-2\/","title":{"rendered":"Danas je Svetski dan muzikoterapije"},"content":{"rendered":"<p>Svetski dan terapije muzikom obele\u017eava se 1. marta svake godine i to je dan kada ljudi \u0161irom sveta slave isceliteljsku moc\u0301 muzike.<br \/>\nMuzikoterapeuti koriste muziku da pomognu ljudima, posebno deci, osobama sa invaliditetom, osobama sa mentalnim problemima i starijima. Muzika mo\u017ee da nam popravi raspolo\u017eenje, da nas umiri ili da nas motivi\u0161e i ute\u0161i. Ali u rukama stru\u010dno obu\u010denih muzi\u010dkih terapeuta, muzika mo\u017ee doneti dodatne prednosti tamo gde re\u010di ne mogu.<br \/>\nDa muzika ima mo\u0107 da le\u010di pokazuju dela Mocarta, Betovena, Vivaldija, \u0160opena. Prema re\u010dima stru\u010dnjaka ti blagotvorni taktovi smanjuju napetost, strah, depresiju, bol, \u010dak i kod onih pacijenata kod kojih nade za izle\u010denje vi\u0161e nema.<\/p>\n<p>Zato, na Svetski dan terapije muzikom, u\u017eivajte uz najbolju muziku na K4 radiju.<\/p>\n","protected":false},"excerpt":{"rendered":"<p>Svetski dan terapije muzikom obele\u017eava se 1. marta svake godine i to je dan kada ljudi \u0161irom sveta slave isceliteljsku moc\u0301 muzike. Muzikoterapeuti koriste muziku da pomognu ljudima, posebno deci, osobama sa invaliditetom, osobama sa mentalnim problemima i starijima. Muzika mo\u017ee da nam popravi raspolo\u017eenje, da nas umiri ili da nas motivi\u0161e i ute\u0161i. Ali&hellip;<\/p>\n","protected":false},"author":6,"featured_media":19957,"comment_status":"closed","ping_status":"closed","sticky":false,"template":"","format":"standard","meta":{"footnotes":""},"categories":[2],"tags":[2320,2017],"class_list":["post-19954","post","type-post","status-publish","format-standard","has-post-thumbnail","hentry","category-news","tag-svetskidan","tag-music","category-2","description-off"],"_links":{"self":[{"href":"https:\/\/radiokfor.com\/2\/wp-json\/wp\/v2\/posts\/19954","targetHints":{"allow":["GET"]}}],"collection":[{"href":"https:\/\/radiokfor.com\/2\/wp-json\/wp\/v2\/posts"}],"about":[{"href":"https:\/\/radiokfor.com\/2\/wp-json\/wp\/v2\/types\/post"}],"author":[{"embeddable":true,"href":"https:\/\/radiokfor.com\/2\/wp-json\/wp\/v2\/users\/6"}],"replies":[{"embeddable":true,"href":"https:\/\/radiokfor.com\/2\/wp-json\/wp\/v2\/comments?post=19954"}],"version-history":[{"count":5,"href":"https:\/\/radiokfor.com\/2\/wp-json\/wp\/v2\/posts\/19954\/revisions"}],"predecessor-version":[{"id":19961,"href":"https:\/\/radiokfor.com\/2\/wp-json\/wp\/v2\/posts\/19954\/revisions\/19961"}],"wp:featuredmedia":[{"embeddable":true,"href":"https:\/\/radiokfor.com\/2\/wp-json\/wp\/v2\/media\/19957"}],"wp:attachment":[{"href":"https:\/\/radiokfor.com\/2\/wp-json\/wp\/v2\/media?parent=19954"}],"wp:term":[{"taxonomy":"category","embeddable":true,"href":"https:\/\/radiokfor.com\/2\/wp-json\/wp\/v2\/categories?post=19954"},{"taxonomy":"post_tag","embeddable":true,"href":"https:\/\/radiokfor.com\/2\/wp-json\/wp\/v2\/tags?post=19954"}],"curies":[{"name":"wp","href":"https:\/\/api.w.org\/{rel}","templated":true}]}}