{"id":19951,"date":"2023-03-01T12:42:58","date_gmt":"2023-03-01T11:42:58","guid":{"rendered":"https:\/\/radiokfor.com\/2\/?p=19951"},"modified":"2023-03-01T12:42:58","modified_gmt":"2023-03-01T11:42:58","slug":"slobodni-i-jednaki-u-dostojanstvu-i-pravima","status":"publish","type":"post","link":"https:\/\/radiokfor.com\/2\/slobodni-i-jednaki-u-dostojanstvu-i-pravima\/","title":{"rendered":"\u201cSlobodni i jednaki u dostojanstvu i pravima\u201d"},"content":{"rendered":"<p><strong>\u201cSva ljudska bi\u0107a ra\u0111aju se slobodna i jednaka u dostojanstvu i pravima\u201d<\/strong>. Ovako glasi prvi \u010dlan <strong>Univerzalne deklaracije o ljudskim pravima<\/strong>, na koju vi\u0161e nego ina\u010de podse\u0107amo upravo danas kada se obele\u017eava <strong>Svetski dan nulte tolerancije diskriminacije.<\/strong> Zamenica ombudsmana na Kosovu <strong>Marija Radulovi\u0107<\/strong> poru\u010duje da na diskriminaciju treba ukazivati tokom 365 dana u godini.<\/p>\n<p>Razli\u010ditim aktivnostima danas se \u0161irom sveta skre\u0107e pa\u017enja o na\u010delima Univerzalne deklaracije o ljudskim pravima, sa ciljem da se podigne svest o va\u017enosti borbe protiv diskriminacije, borbe za ravnopravnost i stvaranja boljeg okru\u017eenja.<\/p>\n<p>\u201c<em>Ovo treba da bude dan kada \u0107e svi akteri, pritom mislim na doma\u0107e institucije, me\u0111unarodne organizacije, medije, civilno dru\u0161tvo i sve institucije i organizacije koje imaju uticaja na dru\u0161tvo, podi\u0107i glas protiv diskriminacije i protiv svakog nejednakog tretiranja. Me\u0111utim, ono \u0161to je jako va\u017eno navesi je to da ne samo 1. marta, koji se obele\u017eava kao Svetski dan nulte tolerancije diskriminacije, ve\u0107 tokom 365 dana u godini treba podizati glas, ukazivati na diskriminaciju, svako u svom kapacitetu i mandatu<\/em>\u201d, poru\u010duje Radulovi\u0107eva.<\/p>\n<p>Ona podse\u0107a i na Me\u0111unarodnu deklaraciju o ljudskim pravima koja u svom prvom \u010dlanu ka\u017ee da se ljudi ra\u0111aju jednaki u pravima i obavezama.<\/p>\n<p>\u201c<em>To je osnovni postulat na koji svi ljudi, pogotovu mi koji smo branioci ljudskih prava, treba da se pozivamo. To je prinip na osnovu kojeg svi ljudi, ne treba samo da se pona\u0161aju, ve\u0107 taj princip treba da \u017eive, da rade, da se zala\u017eu<\/em>\u201d.<\/p>\n<p>Na dana\u0161nji dan, ali i svaki drugi, va\u017eno je podsetiti se da je sva\u010dije osnovno pravo da \u017eivi dostojanstveno i jednako u zajednici i da ne treba da toleri\u0161emo bilo kakav oblik diskriminacije. Svi smo ro\u0111eni kao jednaki i tako treba i da \u017eivimo.<\/p>\n","protected":false},"excerpt":{"rendered":"<p>\u201cSva ljudska bi\u0107a ra\u0111aju se slobodna i jednaka u dostojanstvu i pravima\u201d. Ovako glasi prvi \u010dlan Univerzalne deklaracije o ljudskim pravima, na koju vi\u0161e nego ina\u010de podse\u0107amo upravo danas kada se obele\u017eava Svetski dan nulte tolerancije diskriminacije. Zamenica ombudsmana na Kosovu Marija Radulovi\u0107 poru\u010duje da na diskriminaciju treba ukazivati tokom 365 dana u godini. Razli\u010ditim&hellip;<\/p>\n","protected":false},"author":7,"featured_media":19952,"comment_status":"closed","ping_status":"closed","sticky":false,"template":"","format":"standard","meta":{"footnotes":""},"categories":[2],"tags":[],"class_list":["post-19951","post","type-post","status-publish","format-standard","has-post-thumbnail","hentry","category-news","category-2","description-off"],"_links":{"self":[{"href":"https:\/\/radiokfor.com\/2\/wp-json\/wp\/v2\/posts\/19951","targetHints":{"allow":["GET"]}}],"collection":[{"href":"https:\/\/radiokfor.com\/2\/wp-json\/wp\/v2\/posts"}],"about":[{"href":"https:\/\/radiokfor.com\/2\/wp-json\/wp\/v2\/types\/post"}],"author":[{"embeddable":true,"href":"https:\/\/radiokfor.com\/2\/wp-json\/wp\/v2\/users\/7"}],"replies":[{"embeddable":true,"href":"https:\/\/radiokfor.com\/2\/wp-json\/wp\/v2\/comments?post=19951"}],"version-history":[{"count":1,"href":"https:\/\/radiokfor.com\/2\/wp-json\/wp\/v2\/posts\/19951\/revisions"}],"predecessor-version":[{"id":19953,"href":"https:\/\/radiokfor.com\/2\/wp-json\/wp\/v2\/posts\/19951\/revisions\/19953"}],"wp:featuredmedia":[{"embeddable":true,"href":"https:\/\/radiokfor.com\/2\/wp-json\/wp\/v2\/media\/19952"}],"wp:attachment":[{"href":"https:\/\/radiokfor.com\/2\/wp-json\/wp\/v2\/media?parent=19951"}],"wp:term":[{"taxonomy":"category","embeddable":true,"href":"https:\/\/radiokfor.com\/2\/wp-json\/wp\/v2\/categories?post=19951"},{"taxonomy":"post_tag","embeddable":true,"href":"https:\/\/radiokfor.com\/2\/wp-json\/wp\/v2\/tags?post=19951"}],"curies":[{"name":"wp","href":"https:\/\/api.w.org\/{rel}","templated":true}]}}