{"id":19938,"date":"2023-02-27T10:55:25","date_gmt":"2023-02-27T09:55:25","guid":{"rendered":"https:\/\/radiokfor.com\/2\/?p=19938"},"modified":"2023-02-27T10:55:25","modified_gmt":"2023-02-27T09:55:25","slug":"ndi-organizuje-nedelju-zena-na-kosovu","status":"publish","type":"post","link":"https:\/\/radiokfor.com\/2\/ndi-organizuje-nedelju-zena-na-kosovu\/","title":{"rendered":"NDI organizuje Nedelju \u017eena na Kosovu"},"content":{"rendered":"<p>Nacionalni demokratski institut (NDI), uz podr\u0161ku Ameri\u010dke agencije za me\u0111unarodni razvoj (USAID), organizuje deseto izdanje Nedelje \u017eena na Kosovu.<\/p>\n<p>Nedelja \u017eena (WOW) je godi\u0161nji doga\u0111aj koji okuplja, u me\u0111uetni\u010dkom okru\u017eenju, vi\u0161e od 130 \u017eena i mu\u0161karaca iz politi\u010dkih partija, civilnog dru\u0161tva, biznisa, medija i akademske zajednice, sa ciljem pro\u0161irenja i ja\u010danja kapaciteta \u017eena lidera i podr\u0161ke u daljem napredovanju.<\/p>\n<p>Ovo izdanje Nedelje \u017eena predvi\u0111a aktivnosti tokom cele godine, uklju\u010dujuc\u0301i:<\/p>\n<ul>\n<li>Dvodnevnu konferenciju na centralnom nivou, koja c\u0301e se odr\u017eati 14. i 15. marta 2023.<\/li>\n<li>Pet debata o lokalnoj politici koje bi trebalo da se odr\u017ee u maju 2023.<\/li>\n<\/ul>\n<p>Jednodnevna zavr\u0161na konferencija \u0107e se odr\u017eati u septembru 2023. godine i tada \u0107e svi u\u010desnici sedmomese\u010dnog programa, dobiti sertifikate.<\/p>\n<p>Zbog ograni\u010denog broja mesta, NDI garantuje selekciju koja c\u0301e obezbediti raznolikost po polu, etni\u010dkoj i geografskoj zastupljenosti. Tako\u0111e c\u0301e se uzeti u obzir uloga i odgovornosti podnosilaca prijava u organizaciji ili instituciji koju predstavljaju i posvec\u0301enost re\u0161avanju va\u017enih pitanja gra\u0111ana u odgovarajuc\u0301im zajednicama. NDI podsti\u010de osobe sa invaliditetom da se prijave. U\u010desnici Nedelje \u017eena prethodnih godina nemaju pravo da se prijave.<\/p>\n<p>Svi zainteresovani se <a href=\"https:\/\/docs.google.com\/forms\/d\/e\/1FAIpQLSfDTMUMco2oNmUABL9C7L4Y6SZ7Wk3Pl98pnl2JO66eCVuQTQ\/viewform\">ovde<\/a> mogu prijaviti.<\/p>\n","protected":false},"excerpt":{"rendered":"<p>Nacionalni demokratski institut (NDI), uz podr\u0161ku Ameri\u010dke agencije za me\u0111unarodni razvoj (USAID), organizuje deseto izdanje Nedelje \u017eena na Kosovu. Nedelja \u017eena (WOW) je godi\u0161nji doga\u0111aj koji okuplja, u me\u0111uetni\u010dkom okru\u017eenju, vi\u0161e od 130 \u017eena i mu\u0161karaca iz politi\u010dkih partija, civilnog dru\u0161tva, biznisa, medija i akademske zajednice, sa ciljem pro\u0161irenja i ja\u010danja kapaciteta \u017eena lidera i&hellip;<\/p>\n","protected":false},"author":2,"featured_media":19939,"comment_status":"closed","ping_status":"closed","sticky":false,"template":"","format":"standard","meta":{"footnotes":""},"categories":[2],"tags":[],"class_list":["post-19938","post","type-post","status-publish","format-standard","has-post-thumbnail","hentry","category-news","category-2","description-off"],"_links":{"self":[{"href":"https:\/\/radiokfor.com\/2\/wp-json\/wp\/v2\/posts\/19938","targetHints":{"allow":["GET"]}}],"collection":[{"href":"https:\/\/radiokfor.com\/2\/wp-json\/wp\/v2\/posts"}],"about":[{"href":"https:\/\/radiokfor.com\/2\/wp-json\/wp\/v2\/types\/post"}],"author":[{"embeddable":true,"href":"https:\/\/radiokfor.com\/2\/wp-json\/wp\/v2\/users\/2"}],"replies":[{"embeddable":true,"href":"https:\/\/radiokfor.com\/2\/wp-json\/wp\/v2\/comments?post=19938"}],"version-history":[{"count":1,"href":"https:\/\/radiokfor.com\/2\/wp-json\/wp\/v2\/posts\/19938\/revisions"}],"predecessor-version":[{"id":19940,"href":"https:\/\/radiokfor.com\/2\/wp-json\/wp\/v2\/posts\/19938\/revisions\/19940"}],"wp:featuredmedia":[{"embeddable":true,"href":"https:\/\/radiokfor.com\/2\/wp-json\/wp\/v2\/media\/19939"}],"wp:attachment":[{"href":"https:\/\/radiokfor.com\/2\/wp-json\/wp\/v2\/media?parent=19938"}],"wp:term":[{"taxonomy":"category","embeddable":true,"href":"https:\/\/radiokfor.com\/2\/wp-json\/wp\/v2\/categories?post=19938"},{"taxonomy":"post_tag","embeddable":true,"href":"https:\/\/radiokfor.com\/2\/wp-json\/wp\/v2\/tags?post=19938"}],"curies":[{"name":"wp","href":"https:\/\/api.w.org\/{rel}","templated":true}]}}