{"id":1987,"date":"2017-11-27T13:14:12","date_gmt":"2017-11-27T13:14:12","guid":{"rendered":"http:\/\/radiokfor.com\/2\/?p=1987"},"modified":"2018-12-04T13:19:08","modified_gmt":"2018-12-04T13:19:08","slug":"grafest-2017","status":"publish","type":"post","link":"https:\/\/radiokfor.com\/2\/grafest-2017\/","title":{"rendered":"GRAFEST 2017"},"content":{"rendered":"<div class=\"description\">\n<p>VI Me\u0111unarodni festival dokumentarnog filma i televizijskih formi \u2013 GRAFEST, \u0107e biti odr\u017ean od 28. do 02. decembra u Domu kulture Gra\u010danica.<\/p>\n<p>Festival ima revijalni i takmi\u010darski deo. U revijalnom delu, 28. 29. i 30. novembra, publika \u0107e imati prilike da pogleda tri filma u \u010dijem su stvaranju u\u010destvovali i autori sa Kosova, \u00a0dok \u0107e u takmi\u010darskom delu programa, 1. i 2. decembra, u\u010destvovati deset kratkih dokumentarnih filmova, \u010diji su autori, tako\u0111e, sa Kosova.<\/p>\n<p>Drugog dana festivala, u sredu 29. novembra od 10:30 \u010dasova, mo\u017eete prisustvovati i predavanju pod nazivom \u201eU d\u017eepu kamera, u glavi namera\u201c koje \u0107e odr\u017eati iskusni predava\u010di i dokumentaristi, Zoran i Svetlana Popovi\u0107. Jednoipo\u010dasovno predavanje namenjeno je mladima, ali su pozvani i svi ostali koje interesuju nove tehnologije i dokumentarni filmovi.<\/p>\n<p>Ove godine svi filmovi sa festivala bi\u0107e prikazivani istovremeno u Galeriji \u201eAquarius\u201c u Mitrovici.<\/p>\n<\/div>\n","protected":false},"excerpt":{"rendered":"<p>VI Me\u0111unarodni festival dokumentarnog filma i televizijskih formi \u2013 GRAFEST, \u0107e biti odr\u017ean od 28. do 02. decembra u Domu kulture Gra\u010danica. Festival ima revijalni i takmi\u010darski deo. U revijalnom delu, 28. 29. i 30. novembra, publika \u0107e imati prilike da pogleda tri filma u \u010dijem su stvaranju u\u010destvovali i autori sa Kosova, \u00a0dok \u0107e&hellip;<\/p>\n","protected":false},"author":2,"featured_media":1989,"comment_status":"open","ping_status":"open","sticky":false,"template":"","format":"standard","meta":{"footnotes":""},"categories":[2],"tags":[200,750],"class_list":["post-1987","post","type-post","status-publish","format-standard","has-post-thumbnail","hentry","category-news","tag-grafest","tag-medunarodni-festival-dokumentarnog-filma-i-televizijskih-formi","category-2","description-off"],"_links":{"self":[{"href":"https:\/\/radiokfor.com\/2\/wp-json\/wp\/v2\/posts\/1987","targetHints":{"allow":["GET"]}}],"collection":[{"href":"https:\/\/radiokfor.com\/2\/wp-json\/wp\/v2\/posts"}],"about":[{"href":"https:\/\/radiokfor.com\/2\/wp-json\/wp\/v2\/types\/post"}],"author":[{"embeddable":true,"href":"https:\/\/radiokfor.com\/2\/wp-json\/wp\/v2\/users\/2"}],"replies":[{"embeddable":true,"href":"https:\/\/radiokfor.com\/2\/wp-json\/wp\/v2\/comments?post=1987"}],"version-history":[{"count":1,"href":"https:\/\/radiokfor.com\/2\/wp-json\/wp\/v2\/posts\/1987\/revisions"}],"predecessor-version":[{"id":1990,"href":"https:\/\/radiokfor.com\/2\/wp-json\/wp\/v2\/posts\/1987\/revisions\/1990"}],"wp:featuredmedia":[{"embeddable":true,"href":"https:\/\/radiokfor.com\/2\/wp-json\/wp\/v2\/media\/1989"}],"wp:attachment":[{"href":"https:\/\/radiokfor.com\/2\/wp-json\/wp\/v2\/media?parent=1987"}],"wp:term":[{"taxonomy":"category","embeddable":true,"href":"https:\/\/radiokfor.com\/2\/wp-json\/wp\/v2\/categories?post=1987"},{"taxonomy":"post_tag","embeddable":true,"href":"https:\/\/radiokfor.com\/2\/wp-json\/wp\/v2\/tags?post=1987"}],"curies":[{"name":"wp","href":"https:\/\/api.w.org\/{rel}","templated":true}]}}