{"id":19817,"date":"2023-02-13T13:43:14","date_gmt":"2023-02-13T12:43:14","guid":{"rendered":"https:\/\/radiokfor.com\/2\/?p=19817"},"modified":"2023-02-13T13:43:14","modified_gmt":"2023-02-13T12:43:14","slug":"italijanski-lekari-pomazu-pedijatrijskom-odeljenju-u-pristini","status":"publish","type":"post","link":"https:\/\/radiokfor.com\/2\/italijanski-lekari-pomazu-pedijatrijskom-odeljenju-u-pristini\/","title":{"rendered":"Italijanski lekari poma\u017eu pedijatrijskom odeljenju u Pri\u0161tini"},"content":{"rendered":"<p>Projekat povec\u0301anja kapaciteta <strong>Univerzitetske bolnice u Pri\u0161tini<\/strong>, sa ciljem osposobljavanja odeljenja pedijatrijske onkologije za ugradnju centralnih venskih katetera kod mladih pacijenata koji boluju od malignih tumora, a koji je rezultat saradnje <strong>NATO<\/strong> misije <strong>KFOR<\/strong>, Udru\u017eenja \u201e<strong>Nikola \u010cardeli<\/strong>\u201c i bolnice u Pizi, u zavr\u0161noj je fazi.<\/p>\n<p>\u201e<strong>To je deo mog srca u kome Nikola \u017eivi, to je ono \u0161to bih \u017eelela za ovu decu<\/strong>\u201d. Ovim re\u010dima, advokat Federika \u010cardeli, predsednica Udru\u017eenja \u201eNicola Ciardelli\u201c, nazvanog po oficiru italijanske vojske koji je bio \u017ertva napada 2006. godine u Iraku, pozdravila je osoblje KFOR-a i pri\u0161tinske bolnice pre ulaska u avion i povratka u Italiju.<\/p>\n<p>Udru\u017eenje, osnovano u znak sec\u0301anja na Nikolu, do sada je omoguc\u0301ilo konkretnu pomoc\u0301 za oko 700 mladih pacijenata registrovanih na pedijatrijskom onkohematolo\u0161kom odeljenju pri\u0161tinske bolnice i njihovim porodicama. Pomo\u0107 je omoguc\u0301ena zahvaljujuc\u0301i sme\u0161taju dobrodo\u0161lice i besplatnom sme\u0161taju, koji mo\u017ee da primi i roditelje hospitalizovane dece. Ova deca ina\u010de ne bi imala neophodna sredstva za veoma duga putovanja, koja su potrebna za le\u010denje onkolo\u0161kih bolesti uz pomo\u0107 terapije \u010dija je primena neophodna u toku transporta. Fondacija \u201cNicola Ciardelli\u201d, zajedno sa Fondacijom <strong>Cure2children <\/strong>i Fondacijom <strong>Stefano Bellaveglia<\/strong>, omoguc\u0301ila je da vi\u0161e od sto porodica ima koristi od programa ekonomske podr\u0161ke, koji je tako\u0111e omoguc\u0301en otvaranjem \u201e<strong>Nikoline de\u010dje kuc\u0301e<\/strong>\u201c u Pri\u0161tini 2018. godine.<\/p>\n<p>Ovaj na\u010din le\u010denja raka zahteva kontinuirane infuzije lekova za hemioterapiju, koje izazivaju dodatnu patnju kod mladih pacijenata, jer \u010desto traju mesecima, ako ne i godinama. Federika je stoga verovala od samog po\u010detka: \u201eMoramo da osiguramo da javno zdravlje tako\u0111e mo\u017ee da implantira i upravlja aparatima koji omoguc\u0301avaju davanje lekova bez potrebe da se ponovo ubrizgavaju u telo pacijenta, \u010dime se ubla\u017eava nepotrebna patnja i omoguc\u0301ava efektivnije le\u010denje\u201d.<\/p>\n<p>Na apel je odmah iz Italije, u aprilu, odgovorila dr Lara Tolapi, koja je li\u010dno doprinela obuci dva lekara iz pri\u0161tinske bolnice na pedijatrijskoj onkohematologiji i odeljenjima anestezije i terapije bola, bolnice u Pizi, \u0161to \u0107e omoguc\u0301iti ugradnju pedijatrijskih venskih katetera. Inicijativi se tada pridru\u017eio dr Sandru Mechelli, internista u vojnom AOUP odeljenju O.U. Medicina 4 i dr Tomazo Feroni, pedijatrijski osteopat, predsednik <strong>Udru\u017eenja za osteopatiju Kairos <\/strong>i <strong>Italijanske \u0161kole za de\u010dju osteopatiju<\/strong>, koji od 2008. godine sara\u0111uje sa <strong>Univerzitetskom bolnicom Mejer u Firenci<\/strong>. Lekari su zajedno sa advokatom \u010ciardelijem boravili u Pri\u0161tini od 6. februara kako bi nadgledali prve dve intervencije, koje su sproveli lekari obu\u010deni u Italiji: Petri \u0110aka i Enver Hasi, koji rade na pedijatrijskoj onkohematolo\u0161koj jedinici pri\u0161tinske bolnice.<\/p>\n<p>Lekari i medicinsko osoblje <strong>KFOR<\/strong>-a nadgledali su sve faze intervencije, od pripremne do postoperativne, osiguravajuc\u0301i, u duhu dugogodi\u0161nje saradnje koju je misija <strong>KFOR<\/strong> oduvek imala sa Udru\u017eenjem Nicola Ciardelli, njihovu li\u010dnu i stru\u010dnu podr\u0161ku, aktivno doprinosec\u0301i uspehu ovih intervencija.<\/p>\n<p>Sanitetski kapetan italijanske vojske, Davide Telesko, bio je prisutan u prostoriji tokom intervencije: \u201eKao pripadnik KFOR-a, moja uloga je bila da nadgledam intervenciju, kao hirurg, i da budem spona za saradnju izme\u0111u kosovskih i italijanskih lekara. Na\u0161 posao je tako\u0111e da povec\u0301amo poverenje stanovni\u0161tva u lokalne zdravstvene institucije, koje imaju obu\u010deno i motivisano osoblje i sa entuzijazmom pru\u017eaju svoj profesionalizam za dobrobit svih ljudi koji \u017eive na Kosovu.\u201d<\/p>\n<p>Dr Hasi je medicinskom osoblju <strong>KFOR<\/strong>-a rekao:<\/p>\n<p>\u201eIntervencija je izvr\u0161ena, postavljena je stalna centralna venska linija. To je izvanredna stvar, jer deca vi\u0161e nec\u0301e osec\u0301ati bol. Da nije bilo ovih udru\u017eenja i <strong>KFOR<\/strong>-a, ovako ne\u0161to ne bi bilo moguc\u0301e.\u201d<\/p>\n<p>Gospo\u0111a \u010cardeli, koju je primio komandant <strong>KFOR<\/strong>-a, general major <strong>Angelo Michele Ristuccia<\/strong>, rekla je da ova prekretnica predstavlja novi pomak, da omoguc\u0301i Kosovu da pru\u017ei naprednu negu deci oboleloj od ovih stra\u0161nih bolesti, isti\u010duc\u0301i kako je pomoc\u0301 koju pru\u017ea <strong>KFOR <\/strong>bila, i kako c\u0301e ostati najva\u017enija, da omoguc\u0301i postizanje novih i ambicioznijih ciljeva sa jedinim ciljem, da se spase \u0161to vec\u0301i broj mladih \u017eivota.<\/p>\n","protected":false},"excerpt":{"rendered":"<p>Projekat povec\u0301anja kapaciteta Univerzitetske bolnice u Pri\u0161tini, sa ciljem osposobljavanja odeljenja pedijatrijske onkologije za ugradnju centralnih venskih katetera kod mladih pacijenata koji boluju od malignih tumora, a koji je rezultat saradnje NATO misije KFOR, Udru\u017eenja \u201eNikola \u010cardeli\u201c i bolnice u Pizi, u zavr\u0161noj je fazi. \u201eTo je deo mog srca u kome Nikola \u017eivi, to&hellip;<\/p>\n","protected":false},"author":9,"featured_media":19818,"comment_status":"closed","ping_status":"closed","sticky":false,"template":"","format":"standard","meta":{"footnotes":""},"categories":[2],"tags":[],"class_list":["post-19817","post","type-post","status-publish","format-standard","has-post-thumbnail","hentry","category-news","category-2","description-off"],"_links":{"self":[{"href":"https:\/\/radiokfor.com\/2\/wp-json\/wp\/v2\/posts\/19817","targetHints":{"allow":["GET"]}}],"collection":[{"href":"https:\/\/radiokfor.com\/2\/wp-json\/wp\/v2\/posts"}],"about":[{"href":"https:\/\/radiokfor.com\/2\/wp-json\/wp\/v2\/types\/post"}],"author":[{"embeddable":true,"href":"https:\/\/radiokfor.com\/2\/wp-json\/wp\/v2\/users\/9"}],"replies":[{"embeddable":true,"href":"https:\/\/radiokfor.com\/2\/wp-json\/wp\/v2\/comments?post=19817"}],"version-history":[{"count":1,"href":"https:\/\/radiokfor.com\/2\/wp-json\/wp\/v2\/posts\/19817\/revisions"}],"predecessor-version":[{"id":19819,"href":"https:\/\/radiokfor.com\/2\/wp-json\/wp\/v2\/posts\/19817\/revisions\/19819"}],"wp:featuredmedia":[{"embeddable":true,"href":"https:\/\/radiokfor.com\/2\/wp-json\/wp\/v2\/media\/19818"}],"wp:attachment":[{"href":"https:\/\/radiokfor.com\/2\/wp-json\/wp\/v2\/media?parent=19817"}],"wp:term":[{"taxonomy":"category","embeddable":true,"href":"https:\/\/radiokfor.com\/2\/wp-json\/wp\/v2\/categories?post=19817"},{"taxonomy":"post_tag","embeddable":true,"href":"https:\/\/radiokfor.com\/2\/wp-json\/wp\/v2\/tags?post=19817"}],"curies":[{"name":"wp","href":"https:\/\/api.w.org\/{rel}","templated":true}]}}