{"id":1976,"date":"2017-11-28T13:05:51","date_gmt":"2017-11-28T13:05:51","guid":{"rendered":"http:\/\/radiokfor.com\/2\/?p=1976"},"modified":"2018-12-04T13:08:37","modified_gmt":"2018-12-04T13:08:37","slug":"prezentacija-nagrade-umetnici-sutrasnjice-u-mitrovici","status":"publish","type":"post","link":"https:\/\/radiokfor.com\/2\/prezentacija-nagrade-umetnici-sutrasnjice-u-mitrovici\/","title":{"rendered":"Prezentacija nagrade &#8220;Umetnici sutra\u0161njice&#8221; u Mitrovici"},"content":{"rendered":"<p>Volite savremenu umetnost? Centar za savremenu umetnost Pri\u0161tina i saradnji sa Aktiv Art Centrom poziva sve zainteresovane na prezentaciju nagrade \u201eUmetnici sutra\u0161njice\u201c koja \u0107e se odr\u017eati u sredu, 29. novembra u Civic Energy Center (CEC) u Mitrovici.<\/p>\n<p>Cilj dodeljivanja ove nagrade i uop\u0161te takmi\u010denja je promocija savremene umetnosti, prepoznavanje umetni\u010dkog kvaliteta, podsticaj kulturne razmene i izgradnja kapaciteta lokalnih nevladinih organizacija i gra\u0111anskog dru\u0161tva.<\/p>\n<p>Pobednik takmi\u010denja \u201eUmetnici sutra\u0161njice\u201c \u0107e biti nagra\u0111en sa dvomese\u010dnim umetni\u010dkim boravkom u Njujorku, SAD, u Residency Unlimited (http:\/\/residencyunlimited.org\/), u periodu od aprila do maja meseca, a i samostalnom izlo\u017ebom u godi\u0161njem programu Saciona \u2013 Centra za savremenu umetnost Pri\u0161tina.<\/p>\n","protected":false},"excerpt":{"rendered":"<p>Volite savremenu umetnost? Centar za savremenu umetnost Pri\u0161tina i saradnji sa Aktiv Art Centrom poziva sve zainteresovane na prezentaciju nagrade \u201eUmetnici sutra\u0161njice\u201c koja \u0107e se odr\u017eati u sredu, 29. novembra u Civic Energy Center (CEC) u Mitrovici. Cilj dodeljivanja ove nagrade i uop\u0161te takmi\u010denja je promocija savremene umetnosti, prepoznavanje umetni\u010dkog kvaliteta, podsticaj kulturne razmene i&hellip;<\/p>\n","protected":false},"author":2,"featured_media":1978,"comment_status":"open","ping_status":"open","sticky":false,"template":"","format":"standard","meta":{"footnotes":""},"categories":[2],"tags":[747,419,20],"class_list":["post-1976","post","type-post","status-publish","format-standard","has-post-thumbnail","hentry","category-news","tag-umetnici-sutrasnjice","tag-aktiv-art-centar","tag-severna-mitrovica","category-2","description-off"],"_links":{"self":[{"href":"https:\/\/radiokfor.com\/2\/wp-json\/wp\/v2\/posts\/1976","targetHints":{"allow":["GET"]}}],"collection":[{"href":"https:\/\/radiokfor.com\/2\/wp-json\/wp\/v2\/posts"}],"about":[{"href":"https:\/\/radiokfor.com\/2\/wp-json\/wp\/v2\/types\/post"}],"author":[{"embeddable":true,"href":"https:\/\/radiokfor.com\/2\/wp-json\/wp\/v2\/users\/2"}],"replies":[{"embeddable":true,"href":"https:\/\/radiokfor.com\/2\/wp-json\/wp\/v2\/comments?post=1976"}],"version-history":[{"count":1,"href":"https:\/\/radiokfor.com\/2\/wp-json\/wp\/v2\/posts\/1976\/revisions"}],"predecessor-version":[{"id":1979,"href":"https:\/\/radiokfor.com\/2\/wp-json\/wp\/v2\/posts\/1976\/revisions\/1979"}],"wp:featuredmedia":[{"embeddable":true,"href":"https:\/\/radiokfor.com\/2\/wp-json\/wp\/v2\/media\/1978"}],"wp:attachment":[{"href":"https:\/\/radiokfor.com\/2\/wp-json\/wp\/v2\/media?parent=1976"}],"wp:term":[{"taxonomy":"category","embeddable":true,"href":"https:\/\/radiokfor.com\/2\/wp-json\/wp\/v2\/categories?post=1976"},{"taxonomy":"post_tag","embeddable":true,"href":"https:\/\/radiokfor.com\/2\/wp-json\/wp\/v2\/tags?post=1976"}],"curies":[{"name":"wp","href":"https:\/\/api.w.org\/{rel}","templated":true}]}}