{"id":1972,"date":"2017-11-29T12:57:52","date_gmt":"2017-11-29T12:57:52","guid":{"rendered":"http:\/\/radiokfor.com\/2\/?p=1972"},"modified":"2018-12-04T13:05:38","modified_gmt":"2018-12-04T13:05:38","slug":"koncert-flaute-klavira-i-violoncela-u-galeriji-akvuarijus","status":"publish","type":"post","link":"https:\/\/radiokfor.com\/2\/koncert-flaute-klavira-i-violoncela-u-galeriji-akvuarijus\/","title":{"rendered":"Koncert flaute, klavira i violon\u010dela u galeriji Akvuarijus"},"content":{"rendered":"<p>Pred nama je novi koncert klasi\u010dne muzike na kojem \u0107e se izvoditi dela Johana Sebastijana Baha, Volfranga Amadeusa Mocarta i Franca Jozefa Hajdna.<\/p>\n<p>Talentovani studenti Fakulteta umetnosti u Mitrovici: Nevena Ne\u0161ovi\u0107, Miljana Savi\u0107, Ana Stefanovi\u0107, Tanja Radosavljevi\u0107 (flaute), Katarina Dulovi\u0107 (violon\u010delo) i Dunja \u0110edovic i Nemanja Elek (klavir) pokaza\u0107e svoj talenat mitrova\u010dkoj publici, zajedno sa profesorima Bratislavom \u0110uricem i Marijom Gluvakov Madenica u \u010dijoj klasi i studiraju. Koncert \u0107e biti odr\u017ean u \u010detvrtak, 30. novembra od 21 \u010das u galeriji Akvuarijus u Severnoj Mitrovici, a ulaz je slobodan.<\/p>\n","protected":false},"excerpt":{"rendered":"<p>Pred nama je novi koncert klasi\u010dne muzike na kojem \u0107e se izvoditi dela Johana Sebastijana Baha, Volfranga Amadeusa Mocarta i Franca Jozefa Hajdna. Talentovani studenti Fakulteta umetnosti u Mitrovici: Nevena Ne\u0161ovi\u0107, Miljana Savi\u0107, Ana Stefanovi\u0107, Tanja Radosavljevi\u0107 (flaute), Katarina Dulovi\u0107 (violon\u010delo) i Dunja \u0110edovic i Nemanja Elek (klavir) pokaza\u0107e svoj talenat mitrova\u010dkoj publici, zajedno sa&hellip;<\/p>\n","protected":false},"author":2,"featured_media":1974,"comment_status":"open","ping_status":"open","sticky":false,"template":"","format":"standard","meta":{"footnotes":""},"categories":[2],"tags":[17,746,20],"class_list":["post-1972","post","type-post","status-publish","format-standard","has-post-thumbnail","hentry","category-news","tag-galerija-akvarijus","tag-koncert-flaute-klavira-i-violoncela","tag-severna-mitrovica","category-2","description-off"],"_links":{"self":[{"href":"https:\/\/radiokfor.com\/2\/wp-json\/wp\/v2\/posts\/1972","targetHints":{"allow":["GET"]}}],"collection":[{"href":"https:\/\/radiokfor.com\/2\/wp-json\/wp\/v2\/posts"}],"about":[{"href":"https:\/\/radiokfor.com\/2\/wp-json\/wp\/v2\/types\/post"}],"author":[{"embeddable":true,"href":"https:\/\/radiokfor.com\/2\/wp-json\/wp\/v2\/users\/2"}],"replies":[{"embeddable":true,"href":"https:\/\/radiokfor.com\/2\/wp-json\/wp\/v2\/comments?post=1972"}],"version-history":[{"count":1,"href":"https:\/\/radiokfor.com\/2\/wp-json\/wp\/v2\/posts\/1972\/revisions"}],"predecessor-version":[{"id":1975,"href":"https:\/\/radiokfor.com\/2\/wp-json\/wp\/v2\/posts\/1972\/revisions\/1975"}],"wp:featuredmedia":[{"embeddable":true,"href":"https:\/\/radiokfor.com\/2\/wp-json\/wp\/v2\/media\/1974"}],"wp:attachment":[{"href":"https:\/\/radiokfor.com\/2\/wp-json\/wp\/v2\/media?parent=1972"}],"wp:term":[{"taxonomy":"category","embeddable":true,"href":"https:\/\/radiokfor.com\/2\/wp-json\/wp\/v2\/categories?post=1972"},{"taxonomy":"post_tag","embeddable":true,"href":"https:\/\/radiokfor.com\/2\/wp-json\/wp\/v2\/tags?post=1972"}],"curies":[{"name":"wp","href":"https:\/\/api.w.org\/{rel}","templated":true}]}}