{"id":19604,"date":"2023-01-20T13:47:13","date_gmt":"2023-01-20T12:47:13","guid":{"rendered":"https:\/\/radiokfor.com\/2\/?p=19604"},"modified":"2023-01-20T13:47:13","modified_gmt":"2023-01-20T12:47:13","slug":"danas-je-medunarodni-dan-prihvatanja","status":"publish","type":"post","link":"https:\/\/radiokfor.com\/2\/danas-je-medunarodni-dan-prihvatanja\/","title":{"rendered":"Danas je Me\u0111unarodni dan prihvatanja"},"content":{"rendered":"<p>Me\u0111unarodni dan prihvatanja je dan posvec\u0301en promovisanju prihvatanja i razumevanja osoba sa invaliditetom. Proslavlja se svake godine 20. januara i ima za cilj da podigne svest o izazovima sa kojima se suo\u010davaju pojedinci sa invaliditetom i da promovi\u0161e inkluziju i dostupnost za sve.<\/p>\n<p>Osobe sa invaliditetom se \u010desto suo\u010davaju sa diskriminacijom i preprekama za u\u010de\u0161c\u0301e u dru\u0161tvu. Ovo mo\u017ee uklju\u010divati nedostatak pristupa zgradama i javnim prostorima, nedostatak prilago\u0111avanja u obrazovanju i zapo\u0161ljavanju, i negativne stavove i stereotipe. Me\u0111unarodni dan prihvatanja nastoji da promeni ove stavove i stvori inkluzivnije i prihvatljivije dru\u0161tvo za osobe sa invaliditetom.<\/p>\n<p>Jedan od klju\u010dnih na\u010dina za promovisanje prihvatanja i inkluzije je obrazovanje. Obrazujuc\u0301i ljude o iskustvima i potrebama pojedinaca sa invaliditetom, mo\u017eemo pomoc\u0301i da se razbiju mitovi i stereotipi i promovi\u0161e dru\u0161tvo koje ima vi\u0161e razumevanja i saosec\u0301anja. Ovo obrazovanje mo\u017ee imati razli\u010dite oblike, uklju\u010dujuc\u0301i radionice, seminare i javne govore.<\/p>\n","protected":false},"excerpt":{"rendered":"<p>Me\u0111unarodni dan prihvatanja je dan posvec\u0301en promovisanju prihvatanja i razumevanja osoba sa invaliditetom. Proslavlja se svake godine 20. januara i ima za cilj da podigne svest o izazovima sa kojima se suo\u010davaju pojedinci sa invaliditetom i da promovi\u0161e inkluziju i dostupnost za sve. Osobe sa invaliditetom se \u010desto suo\u010davaju sa diskriminacijom i preprekama za u\u010de\u0161c\u0301e&hellip;<\/p>\n","protected":false},"author":2,"featured_media":19605,"comment_status":"closed","ping_status":"closed","sticky":false,"template":"","format":"standard","meta":{"footnotes":""},"categories":[2],"tags":[],"class_list":["post-19604","post","type-post","status-publish","format-standard","has-post-thumbnail","hentry","category-news","category-2","description-off"],"_links":{"self":[{"href":"https:\/\/radiokfor.com\/2\/wp-json\/wp\/v2\/posts\/19604","targetHints":{"allow":["GET"]}}],"collection":[{"href":"https:\/\/radiokfor.com\/2\/wp-json\/wp\/v2\/posts"}],"about":[{"href":"https:\/\/radiokfor.com\/2\/wp-json\/wp\/v2\/types\/post"}],"author":[{"embeddable":true,"href":"https:\/\/radiokfor.com\/2\/wp-json\/wp\/v2\/users\/2"}],"replies":[{"embeddable":true,"href":"https:\/\/radiokfor.com\/2\/wp-json\/wp\/v2\/comments?post=19604"}],"version-history":[{"count":2,"href":"https:\/\/radiokfor.com\/2\/wp-json\/wp\/v2\/posts\/19604\/revisions"}],"predecessor-version":[{"id":19607,"href":"https:\/\/radiokfor.com\/2\/wp-json\/wp\/v2\/posts\/19604\/revisions\/19607"}],"wp:featuredmedia":[{"embeddable":true,"href":"https:\/\/radiokfor.com\/2\/wp-json\/wp\/v2\/media\/19605"}],"wp:attachment":[{"href":"https:\/\/radiokfor.com\/2\/wp-json\/wp\/v2\/media?parent=19604"}],"wp:term":[{"taxonomy":"category","embeddable":true,"href":"https:\/\/radiokfor.com\/2\/wp-json\/wp\/v2\/categories?post=19604"},{"taxonomy":"post_tag","embeddable":true,"href":"https:\/\/radiokfor.com\/2\/wp-json\/wp\/v2\/tags?post=19604"}],"curies":[{"name":"wp","href":"https:\/\/api.w.org\/{rel}","templated":true}]}}