{"id":1939,"date":"2017-12-05T17:17:18","date_gmt":"2017-12-05T17:17:18","guid":{"rendered":"http:\/\/radiokfor.com\/2\/?p=1939"},"modified":"2018-12-03T17:18:56","modified_gmt":"2018-12-03T17:18:56","slug":"sajam-volonterizma-severna-mitrovica","status":"publish","type":"post","link":"https:\/\/radiokfor.com\/2\/sajam-volonterizma-severna-mitrovica\/","title":{"rendered":"&#8220;Sajam volonterizma&#8221; &#8211; Severna Mitrovica"},"content":{"rendered":"<p>Volonter je osoba koja dobrovoljno, individualno ili organizovano, pru\u017ea svoje usluge onima kojima su neophodne, bez materijalne nadoknade, radi dobrobiti svoje zajednice i dru\u0161tva.<\/p>\n<p>Generalna skup\u0161tina Ujedinjenih nacija proglasila 1985. godine Me\u0111unarodni dan volontera.<\/p>\n<p>Cilj obele\u017eavanja ovog dana je da se sve aktivnosti volontera i njihov dobrovoljni rad u\u010dine vidljivim na lokalnom, nacionalnom i me\u0111unarodnom nivou.<\/p>\n<p>Nevladine\u00a0organizacije iz Severne Mitrovice pozivaju na otvaranje \u201eSajma volonterizma\u201c koji \u0107e biti odr\u017ean u Kulturnom Centru (ju\u017eni deo) u utorak, 5. decembra, koji ima za cilj veli\u010danje\u00a0 zna\u010daja volontiranja, omladinskog aktivizma kao i doprino\u0161enja lokalnoj zajednici.<\/p>\n<p>Na sajmu \u0107e se okupiti organizacije od kojih \u0107ete mo\u0107i da saznate zna\u010dajne informacije o volontiranju i razli\u010ditim volonterskim programima na koje se mo\u017eete prijaviti.<\/p>\n","protected":false},"excerpt":{"rendered":"<p>Volonter je osoba koja dobrovoljno, individualno ili organizovano, pru\u017ea svoje usluge onima kojima su neophodne, bez materijalne nadoknade, radi dobrobiti svoje zajednice i dru\u0161tva. Generalna skup\u0161tina Ujedinjenih nacija proglasila 1985. godine Me\u0111unarodni dan volontera. Cilj obele\u017eavanja ovog dana je da se sve aktivnosti volontera i njihov dobrovoljni rad u\u010dine vidljivim na lokalnom, nacionalnom i me\u0111unarodnom&hellip;<\/p>\n","protected":false},"author":2,"featured_media":1709,"comment_status":"open","ping_status":"open","sticky":false,"template":"","format":"standard","meta":{"footnotes":""},"categories":[2],"tags":[20,649],"class_list":["post-1939","post","type-post","status-publish","format-standard","has-post-thumbnail","hentry","category-news","tag-severna-mitrovica","tag-volonterizam","category-2","description-off"],"_links":{"self":[{"href":"https:\/\/radiokfor.com\/2\/wp-json\/wp\/v2\/posts\/1939","targetHints":{"allow":["GET"]}}],"collection":[{"href":"https:\/\/radiokfor.com\/2\/wp-json\/wp\/v2\/posts"}],"about":[{"href":"https:\/\/radiokfor.com\/2\/wp-json\/wp\/v2\/types\/post"}],"author":[{"embeddable":true,"href":"https:\/\/radiokfor.com\/2\/wp-json\/wp\/v2\/users\/2"}],"replies":[{"embeddable":true,"href":"https:\/\/radiokfor.com\/2\/wp-json\/wp\/v2\/comments?post=1939"}],"version-history":[{"count":1,"href":"https:\/\/radiokfor.com\/2\/wp-json\/wp\/v2\/posts\/1939\/revisions"}],"predecessor-version":[{"id":1941,"href":"https:\/\/radiokfor.com\/2\/wp-json\/wp\/v2\/posts\/1939\/revisions\/1941"}],"wp:featuredmedia":[{"embeddable":true,"href":"https:\/\/radiokfor.com\/2\/wp-json\/wp\/v2\/media\/1709"}],"wp:attachment":[{"href":"https:\/\/radiokfor.com\/2\/wp-json\/wp\/v2\/media?parent=1939"}],"wp:term":[{"taxonomy":"category","embeddable":true,"href":"https:\/\/radiokfor.com\/2\/wp-json\/wp\/v2\/categories?post=1939"},{"taxonomy":"post_tag","embeddable":true,"href":"https:\/\/radiokfor.com\/2\/wp-json\/wp\/v2\/tags?post=1939"}],"curies":[{"name":"wp","href":"https:\/\/api.w.org\/{rel}","templated":true}]}}