{"id":19348,"date":"2023-01-04T14:22:05","date_gmt":"2023-01-04T13:22:05","guid":{"rendered":"https:\/\/radiokfor.com\/2\/?p=19348"},"modified":"2023-01-04T14:22:05","modified_gmt":"2023-01-04T13:22:05","slug":"danas-se-obelezava-svetski-dan-brajevog-pisma-2","status":"publish","type":"post","link":"https:\/\/radiokfor.com\/2\/danas-se-obelezava-svetski-dan-brajevog-pisma-2\/","title":{"rendered":"Danas se obele\u017eava Svetski dan Brajevog pisma"},"content":{"rendered":"<p>Svetski dan Brajevog pisma obele\u017eava se od 2019. godine kako bi se podigla svest o va\u017enosti Brajevog pisma kao sredstva komunikacije u potpunom ostvarivanju ljudskih prava slepih i slabovidih.<\/p>\n<p>Brajevo pismo za slepe nastalo je 1825. godine. Luj Braj je usavr\u0161io tehniku i nastojao da se ona primenjuje u praksi.<\/p>\n<p>Unesko je proglasio Brajevo pismo za univerzalno pismo za slepe i slabovide u svetu 1955. godine.<\/p>\n<p>Brajevo pismo je neophodno u kontekstu obrazovanja, slobode izra\u017eavanja i mi\u0161ljenja, kao i socijalne uklju\u010denosti, kao \u0161to je nagla\u0161eno u \u010dlanu 2, Konvencije o pravima osoba sa invaliditetom.<\/p>\n<p>Brajevu azbuku sve vi\u0161e potiskuju nove tehnologije, pa je u poslednje vreme zapostavljena. Me\u0111utim, bez obzira na tehnolo\u0161ki napredak i sve koristi koje je on doneo, Brajeva azbuka ostaje nezamenljiva u svakodnevnom \u017eivotu slepih i slabovidih ljudi.<\/p>\n","protected":false},"excerpt":{"rendered":"<p>Svetski dan Brajevog pisma obele\u017eava se od 2019. godine kako bi se podigla svest o va\u017enosti Brajevog pisma kao sredstva komunikacije u potpunom ostvarivanju ljudskih prava slepih i slabovidih. Brajevo pismo za slepe nastalo je 1825. godine. Luj Braj je usavr\u0161io tehniku i nastojao da se ona primenjuje u praksi. Unesko je proglasio Brajevo pismo&hellip;<\/p>\n","protected":false},"author":10,"featured_media":14779,"comment_status":"closed","ping_status":"closed","sticky":false,"template":"","format":"standard","meta":{"footnotes":""},"categories":[2],"tags":[],"class_list":["post-19348","post","type-post","status-publish","format-standard","has-post-thumbnail","hentry","category-news","category-2","description-off"],"_links":{"self":[{"href":"https:\/\/radiokfor.com\/2\/wp-json\/wp\/v2\/posts\/19348","targetHints":{"allow":["GET"]}}],"collection":[{"href":"https:\/\/radiokfor.com\/2\/wp-json\/wp\/v2\/posts"}],"about":[{"href":"https:\/\/radiokfor.com\/2\/wp-json\/wp\/v2\/types\/post"}],"author":[{"embeddable":true,"href":"https:\/\/radiokfor.com\/2\/wp-json\/wp\/v2\/users\/10"}],"replies":[{"embeddable":true,"href":"https:\/\/radiokfor.com\/2\/wp-json\/wp\/v2\/comments?post=19348"}],"version-history":[{"count":1,"href":"https:\/\/radiokfor.com\/2\/wp-json\/wp\/v2\/posts\/19348\/revisions"}],"predecessor-version":[{"id":19349,"href":"https:\/\/radiokfor.com\/2\/wp-json\/wp\/v2\/posts\/19348\/revisions\/19349"}],"wp:featuredmedia":[{"embeddable":true,"href":"https:\/\/radiokfor.com\/2\/wp-json\/wp\/v2\/media\/14779"}],"wp:attachment":[{"href":"https:\/\/radiokfor.com\/2\/wp-json\/wp\/v2\/media?parent=19348"}],"wp:term":[{"taxonomy":"category","embeddable":true,"href":"https:\/\/radiokfor.com\/2\/wp-json\/wp\/v2\/categories?post=19348"},{"taxonomy":"post_tag","embeddable":true,"href":"https:\/\/radiokfor.com\/2\/wp-json\/wp\/v2\/tags?post=19348"}],"curies":[{"name":"wp","href":"https:\/\/api.w.org\/{rel}","templated":true}]}}