{"id":1931,"date":"2017-12-06T11:11:37","date_gmt":"2017-12-06T11:11:37","guid":{"rendered":"http:\/\/radiokfor.com\/2\/?p=1931"},"modified":"2018-12-03T17:13:24","modified_gmt":"2018-12-03T17:13:24","slug":"konkurs-za-najlepsu-fotografiju","status":"publish","type":"post","link":"https:\/\/radiokfor.com\/2\/konkurs-za-najlepsu-fotografiju\/","title":{"rendered":"Konkurs za najlep\u0161u fotografiju"},"content":{"rendered":"<p>Centar za kulturu \u201eSava De\u010danac\u201c u Leposavi\u0107u i porodica Milojevi\u0107 pozivaju na takmi\u010denje za najbolju fotografiju pod nazivom \u201eBerislav Beco Milojevi\u0107\u201c.<\/p>\n<p>Pravo u\u010de\u0161\u0107a imaju svi ljubitelji ove vrste umetnosti. Va\u017eno je samo da fotografiju uslikate na teritoriji op\u0161tine Leposavi\u0107 (uz ta\u010dno navo\u0111enje lokacije) i po\u0161aljete na\u00a0<a href=\"mailto:savadecanacleposavic@gmail.com\">savadecanacleposavic@gmail.com\u00a0<\/a>zajedno sa va\u0161im podacima!<\/p>\n<p>Jedan autor mo\u017ee na konkursu u\u010destvovati sa najvi\u0161e dve fotografije koje mo\u017ee obraditi samo u domenu kontrasti i boje.<\/p>\n<p>Prijava na takmi\u010denje za najlep\u0161u fotografiju traje do 20. decembra, dok je sve\u010dana manifestacija i dodela nagrada zakazana za 26. decembar, kada \u0107e autori najlep\u0161ih fotografija dobiti plaketu \u201eBerislav Beco Milojevi\u0107\u201c i nov\u010danu nagradu.<\/p>\n<p>Najlep\u0161e fotografije po mi\u0161ljenju komisije bi\u0107e iskori\u0161\u0107ene za kreiranje razglednice Leposavi\u0107a i Centar za kulturu \u201eSava De\u010danac\u201c zadr\u017eava pravo da slobodno raspola\u017ee, u bilo koje svrhe, sa svim fotografijama poslatim na konkurs.<\/p>\n","protected":false},"excerpt":{"rendered":"<p>Centar za kulturu \u201eSava De\u010danac\u201c u Leposavi\u0107u i porodica Milojevi\u0107 pozivaju na takmi\u010denje za najbolju fotografiju pod nazivom \u201eBerislav Beco Milojevi\u0107\u201c. Pravo u\u010de\u0161\u0107a imaju svi ljubitelji ove vrste umetnosti. Va\u017eno je samo da fotografiju uslikate na teritoriji op\u0161tine Leposavi\u0107 (uz ta\u010dno navo\u0111enje lokacije) i po\u0161aljete na\u00a0savadecanacleposavic@gmail.com\u00a0zajedno sa va\u0161im podacima! Jedan autor mo\u017ee na konkursu u\u010destvovati&hellip;<\/p>\n","protected":false},"author":2,"featured_media":1933,"comment_status":"open","ping_status":"open","sticky":false,"template":"","format":"standard","meta":{"footnotes":""},"categories":[2],"tags":[732,58,736],"class_list":["post-1931","post","type-post","status-publish","format-standard","has-post-thumbnail","hentry","category-news","tag-centar-za-kulturu-sava-decanac","tag-leposavic","tag-najlepsa-fotografija","category-2","description-off"],"_links":{"self":[{"href":"https:\/\/radiokfor.com\/2\/wp-json\/wp\/v2\/posts\/1931","targetHints":{"allow":["GET"]}}],"collection":[{"href":"https:\/\/radiokfor.com\/2\/wp-json\/wp\/v2\/posts"}],"about":[{"href":"https:\/\/radiokfor.com\/2\/wp-json\/wp\/v2\/types\/post"}],"author":[{"embeddable":true,"href":"https:\/\/radiokfor.com\/2\/wp-json\/wp\/v2\/users\/2"}],"replies":[{"embeddable":true,"href":"https:\/\/radiokfor.com\/2\/wp-json\/wp\/v2\/comments?post=1931"}],"version-history":[{"count":1,"href":"https:\/\/radiokfor.com\/2\/wp-json\/wp\/v2\/posts\/1931\/revisions"}],"predecessor-version":[{"id":1934,"href":"https:\/\/radiokfor.com\/2\/wp-json\/wp\/v2\/posts\/1931\/revisions\/1934"}],"wp:featuredmedia":[{"embeddable":true,"href":"https:\/\/radiokfor.com\/2\/wp-json\/wp\/v2\/media\/1933"}],"wp:attachment":[{"href":"https:\/\/radiokfor.com\/2\/wp-json\/wp\/v2\/media?parent=1931"}],"wp:term":[{"taxonomy":"category","embeddable":true,"href":"https:\/\/radiokfor.com\/2\/wp-json\/wp\/v2\/categories?post=1931"},{"taxonomy":"post_tag","embeddable":true,"href":"https:\/\/radiokfor.com\/2\/wp-json\/wp\/v2\/tags?post=1931"}],"curies":[{"name":"wp","href":"https:\/\/api.w.org\/{rel}","templated":true}]}}