{"id":1923,"date":"2017-12-07T11:04:50","date_gmt":"2017-12-07T11:04:50","guid":{"rendered":"http:\/\/radiokfor.com\/2\/?p=1923"},"modified":"2018-12-03T17:07:39","modified_gmt":"2018-12-03T17:07:39","slug":"konkurs-za-knjizevnu-nagradu-toma-radosavljevic","status":"publish","type":"post","link":"https:\/\/radiokfor.com\/2\/konkurs-za-knjizevnu-nagradu-toma-radosavljevic\/","title":{"rendered":"Konkurs za knji\u017eevnu nagradu &#8220;Toma Radosavljevi\u0107&#8221;"},"content":{"rendered":"<p>Centar za kulturu &#8220;Sava De\u010danac&#8221; raspisao je konkurs za godi\u0161nju knji\u017eevnu nagradu \u201eToma Radosavljevi\u0107\u201c, u znak se\u0107anja na proznog pisca Tome Radosavljevi\u0107a iz Leposavi\u0107a.<\/p>\n<p>Konkursom su obuhva\u0107ena dva \u017eanra: poezija i kratke pri\u010de, a autor mo\u017ee da u\u010destvuje sa najvi\u0161e tri rada.<\/p>\n<p>Radove slati najkasnije do 20. decembra na\u00a0<a href=\"mailto:savadecanacleposavic@gmail.com\">savadecanacleposavic@gmail.com<\/a>. Progla\u0161enje pobednika za svaki \u017eanr bi\u0107e objavljeno 25. decembra, dok \u0107e\u00a0sve\u010dana manifestacija i uru\u010denje nagrada biti odr\u017eano 28. decembra.<\/p>\n<p>Sve dodatne informacije mo\u017eete dobiti na telefon 064 82 04 030, 028 83 057, ili putem gore navedenog e-mail.<\/p>\n","protected":false},"excerpt":{"rendered":"<p>Centar za kulturu &#8220;Sava De\u010danac&#8221; raspisao je konkurs za godi\u0161nju knji\u017eevnu nagradu \u201eToma Radosavljevi\u0107\u201c, u znak se\u0107anja na proznog pisca Tome Radosavljevi\u0107a iz Leposavi\u0107a. Konkursom su obuhva\u0107ena dva \u017eanra: poezija i kratke pri\u010de, a autor mo\u017ee da u\u010destvuje sa najvi\u0161e tri rada. Radove slati najkasnije do 20. decembra na\u00a0savadecanacleposavic@gmail.com. Progla\u0161enje pobednika za svaki \u017eanr bi\u0107e&hellip;<\/p>\n","protected":false},"author":2,"featured_media":1925,"comment_status":"open","ping_status":"open","sticky":false,"template":"","format":"standard","meta":{"footnotes":""},"categories":[2],"tags":[732,733],"class_list":["post-1923","post","type-post","status-publish","format-standard","has-post-thumbnail","hentry","category-news","tag-centar-za-kulturu-sava-decanac","tag-knjizevna-nagrada-toma-radosavljevic","category-2","description-off"],"_links":{"self":[{"href":"https:\/\/radiokfor.com\/2\/wp-json\/wp\/v2\/posts\/1923","targetHints":{"allow":["GET"]}}],"collection":[{"href":"https:\/\/radiokfor.com\/2\/wp-json\/wp\/v2\/posts"}],"about":[{"href":"https:\/\/radiokfor.com\/2\/wp-json\/wp\/v2\/types\/post"}],"author":[{"embeddable":true,"href":"https:\/\/radiokfor.com\/2\/wp-json\/wp\/v2\/users\/2"}],"replies":[{"embeddable":true,"href":"https:\/\/radiokfor.com\/2\/wp-json\/wp\/v2\/comments?post=1923"}],"version-history":[{"count":1,"href":"https:\/\/radiokfor.com\/2\/wp-json\/wp\/v2\/posts\/1923\/revisions"}],"predecessor-version":[{"id":1926,"href":"https:\/\/radiokfor.com\/2\/wp-json\/wp\/v2\/posts\/1923\/revisions\/1926"}],"wp:featuredmedia":[{"embeddable":true,"href":"https:\/\/radiokfor.com\/2\/wp-json\/wp\/v2\/media\/1925"}],"wp:attachment":[{"href":"https:\/\/radiokfor.com\/2\/wp-json\/wp\/v2\/media?parent=1923"}],"wp:term":[{"taxonomy":"category","embeddable":true,"href":"https:\/\/radiokfor.com\/2\/wp-json\/wp\/v2\/categories?post=1923"},{"taxonomy":"post_tag","embeddable":true,"href":"https:\/\/radiokfor.com\/2\/wp-json\/wp\/v2\/tags?post=1923"}],"curies":[{"name":"wp","href":"https:\/\/api.w.org\/{rel}","templated":true}]}}