{"id":19190,"date":"2022-12-22T16:31:59","date_gmt":"2022-12-22T15:31:59","guid":{"rendered":"https:\/\/radiokfor.com\/2\/?p=19190"},"modified":"2022-12-22T16:31:59","modified_gmt":"2022-12-22T15:31:59","slug":"kraj-jos-jedne-uspesne-godine","status":"publish","type":"post","link":"https:\/\/radiokfor.com\/2\/kraj-jos-jedne-uspesne-godine\/","title":{"rendered":"Kraj jo\u0161 jedne uspe\u0161ne godine"},"content":{"rendered":"<p><span style=\"font-size: 13.5pt; color: black;\">U pristustvu me\u0111unarodnih predstavnika, predstavnika verskih zajednica, civilnog sektora i mnogobrojnih gostiju koji su tokom ove, ali i prethodnih godina uspe\u0161no sara\u0111ivali sa misijom KFOR-a na Kosovu, radio KFOR, TV produkcija i Magazin For you proslavili su kraj jo\u0161 jedne uspe\u0161ne godine.<\/span><\/p>\n<p style=\"font-variant-ligatures: normal; font-variant-caps: normal; orphans: 2; text-align: start; widows: 2; -webkit-text-stroke-width: 0px; text-decoration-thickness: initial; text-decoration-style: initial; text-decoration-color: initial; word-spacing: 0px;\"><span style=\"font-size: 13.5pt; color: black;\">Mnogobrojni gosti, koji su svojim prisustvom uveli\u010dali proslavu, iskoristili su priliku da se zahvale KFOR-u na saradnji, uz \u017eelju da se ona nastavi i u godinama koje dolaze.<\/span><\/p>\n<p style=\"font-variant-ligatures: normal; font-variant-caps: normal; orphans: 2; text-align: start; widows: 2; -webkit-text-stroke-width: 0px; text-decoration-thickness: initial; text-decoration-style: initial; text-decoration-color: initial; word-spacing: 0px;\"><span style=\"font-size: 13.5pt; color: black;\">\u201e<em>Saradnja je bila jako dobra i korektna. Planirali smo razne zajedni\u010dke aktivnosti, nadam se da \u0107emo u budu\u0107nosti uspeti da realizujemo ne\u0161to od toga. Sa KFOR radijom smo imali odli\u010dnu saradnju kroz razli\u010dite kampanje koje se ti\u010du sporta i me\u0111uetni\u010dkog \u017eivota na Kosovu. Misiji KFOR-a \u017eelim puno uspeha u narednoj godini, \u0161to manje posla po pitanju bezbednosti, a da se \u0161to vi\u0161e uklju\u010de u \u017eivot zajednice<\/em>\u201c, rekao je Petar \u0110or\u0111evi\u0107 iz NVO Mlada aktivna Gra\u010danica.<\/span><\/p>\n<p><span style=\"font-size: 13.5pt; color: black;\">\u201e<em>Na doga\u0111ajima koje organizuje KFOR vlada opu\u0161tena atmosfera i uvek \u017eelim da budem deo njih, zato se zahvaljujem na pozivu. \u010cista i zdrava kolegijalnost i podr\u0161ka nas ve\u017eu, jer je KFOR radio poznat po saradnji sa svim radio stanicama na Kosovu. Nedavno smo bili deo kampanje koju je KFOR radio sproveo sa kolegama. Pozvali ste nas u va\u0161 studio i to je bio znak istinske saradnje koju imamo sa vama, zato verujem da \u0107e ta saradnja trajati jo\u0161 dugo. \u017delim vam mir, zdravlje i sre\u0107nu 2023!<\/em>\u201c, rekla je zamenica izvr\u0161nog direktora RTV Duka\u0111ini, koja je tako\u0111e prisustvovala doga\u0111aju.<\/span><\/p>\n<p style=\"font-variant-ligatures: normal; font-variant-caps: normal; orphans: 2; text-align: start; widows: 2; -webkit-text-stroke-width: 0px; text-decoration-thickness: initial; text-decoration-style: initial; text-decoration-color: initial; word-spacing: 0px;\"><span style=\"font-size: 13.5pt; color: black;\">\u201e<em>Na\u0161a saradnja je u proteklih pet godina, koliko sam ja na poziciji zamenika ombudsmana na Kosovu, genaralno dobra, nastavi\u0107e da bude veoma dobra. \u0160to se ti\u010de novogodi\u0161nje \u010destitke, s obzirom da dolazim iz institucije koja se bavi za\u0161titom ljudskih prava \u017eelim da nivo za\u0161tite i promocije ljudskih prava bude mnogo ve\u0107i, na tome moramo svi zajedno da radimo, kako institucije tako i mediji<\/em>\u201c, rekla je zamenica ombudsmana na Kosovu Marija Radulovi\u0107.<\/span><\/p>\n<p style=\"font-variant-ligatures: normal; font-variant-caps: normal; orphans: 2; text-align: start; widows: 2; -webkit-text-stroke-width: 0px; text-decoration-thickness: initial; text-decoration-style: initial; text-decoration-color: initial; word-spacing: 0px;\"><span style=\"font-size: 13.5pt; color: black;\">\u201e<em>Hvala KFORU na prelepoj saradnji, nadam se da \u0107emo sara\u0111ivati jo\u0161 dugo godina<\/em>\u201c, rekao je Arsenije.<\/span><\/p>\n<p style=\"font-variant-ligatures: normal; font-variant-caps: normal; orphans: 2; text-align: start; widows: 2; -webkit-text-stroke-width: 0px; text-decoration-thickness: initial; text-decoration-style: initial; text-decoration-color: initial; word-spacing: 0px;\"><span style=\"font-size: 13.5pt; color: black;\">KFOR, ali i mediji koji rade u okviru ove institucije, radio, magazin i TV produkcija, zahvaljuju se svim na saradnji, uz \u017eelju da tako ostane i u godinama koje dolaze.<\/span><\/p>\n","protected":false},"excerpt":{"rendered":"<p>U pristustvu me\u0111unarodnih predstavnika, predstavnika verskih zajednica, civilnog sektora i mnogobrojnih gostiju koji su tokom ove, ali i prethodnih godina uspe\u0161no sara\u0111ivali sa misijom KFOR-a na Kosovu, radio KFOR, TV produkcija i Magazin For you proslavili su kraj jo\u0161 jedne uspe\u0161ne godine. Mnogobrojni gosti, koji su svojim prisustvom uveli\u010dali proslavu, iskoristili su priliku da se&hellip;<\/p>\n","protected":false},"author":2,"featured_media":19191,"comment_status":"closed","ping_status":"closed","sticky":false,"template":"","format":"standard","meta":{"footnotes":""},"categories":[2],"tags":[],"class_list":["post-19190","post","type-post","status-publish","format-standard","has-post-thumbnail","hentry","category-news","category-2","description-off"],"_links":{"self":[{"href":"https:\/\/radiokfor.com\/2\/wp-json\/wp\/v2\/posts\/19190","targetHints":{"allow":["GET"]}}],"collection":[{"href":"https:\/\/radiokfor.com\/2\/wp-json\/wp\/v2\/posts"}],"about":[{"href":"https:\/\/radiokfor.com\/2\/wp-json\/wp\/v2\/types\/post"}],"author":[{"embeddable":true,"href":"https:\/\/radiokfor.com\/2\/wp-json\/wp\/v2\/users\/2"}],"replies":[{"embeddable":true,"href":"https:\/\/radiokfor.com\/2\/wp-json\/wp\/v2\/comments?post=19190"}],"version-history":[{"count":1,"href":"https:\/\/radiokfor.com\/2\/wp-json\/wp\/v2\/posts\/19190\/revisions"}],"predecessor-version":[{"id":19192,"href":"https:\/\/radiokfor.com\/2\/wp-json\/wp\/v2\/posts\/19190\/revisions\/19192"}],"wp:featuredmedia":[{"embeddable":true,"href":"https:\/\/radiokfor.com\/2\/wp-json\/wp\/v2\/media\/19191"}],"wp:attachment":[{"href":"https:\/\/radiokfor.com\/2\/wp-json\/wp\/v2\/media?parent=19190"}],"wp:term":[{"taxonomy":"category","embeddable":true,"href":"https:\/\/radiokfor.com\/2\/wp-json\/wp\/v2\/categories?post=19190"},{"taxonomy":"post_tag","embeddable":true,"href":"https:\/\/radiokfor.com\/2\/wp-json\/wp\/v2\/tags?post=19190"}],"curies":[{"name":"wp","href":"https:\/\/api.w.org\/{rel}","templated":true}]}}