{"id":19052,"date":"2022-12-10T11:27:18","date_gmt":"2022-12-10T10:27:18","guid":{"rendered":"https:\/\/radiokfor.com\/2\/?p=19052"},"modified":"2022-12-10T11:27:18","modified_gmt":"2022-12-10T10:27:18","slug":"medunarodni-dan-ljudskih-prava-5","status":"publish","type":"post","link":"https:\/\/radiokfor.com\/2\/medunarodni-dan-ljudskih-prava-5\/","title":{"rendered":"Me\u0111unarodni dan ljudskih prava"},"content":{"rendered":"<p>Me\u0111unarodni dan ljudskih prava obele\u017eava se danas, na dan kada je 1948. godine Generalna skup\u0161tina Ujedinjenih nacija usvojila Univerzalnu deklaraciju o ljudskim pravima, a ove godine pod motom &#8220;Dostojanstvo, sloboda i pravda za sve&#8221;.<\/p>\n<p>U poruci povodom dana ljudskih prava, generalni sekretar UN Antonio Gutere\u0161 pozvao je zemlje \u010dlanice, civilno dru\u0161tvo, privatni sektor i ostale da stave ljudska prava u sredi\u0161te svojih napora kako bi se zaustavili &#8220;dana\u0161nji \u0161tetni trendovi&#8221;.<\/p>\n<p>Svet se suo\u010dava s me\u0111usobno povezanim izazovima za ljudska prava bez presedana, naveo je Gutere\u0161.<\/p>\n","protected":false},"excerpt":{"rendered":"<p>Me\u0111unarodni dan ljudskih prava obele\u017eava se danas, na dan kada je 1948. godine Generalna skup\u0161tina Ujedinjenih nacija usvojila Univerzalnu deklaraciju o ljudskim pravima, a ove godine pod motom &#8220;Dostojanstvo, sloboda i pravda za sve&#8221;. U poruci povodom dana ljudskih prava, generalni sekretar UN Antonio Gutere\u0161 pozvao je zemlje \u010dlanice, civilno dru\u0161tvo, privatni sektor i ostale&hellip;<\/p>\n","protected":false},"author":9,"featured_media":19053,"comment_status":"closed","ping_status":"closed","sticky":false,"template":"","format":"standard","meta":{"footnotes":""},"categories":[2],"tags":[],"class_list":["post-19052","post","type-post","status-publish","format-standard","has-post-thumbnail","hentry","category-news","category-2","description-off"],"_links":{"self":[{"href":"https:\/\/radiokfor.com\/2\/wp-json\/wp\/v2\/posts\/19052","targetHints":{"allow":["GET"]}}],"collection":[{"href":"https:\/\/radiokfor.com\/2\/wp-json\/wp\/v2\/posts"}],"about":[{"href":"https:\/\/radiokfor.com\/2\/wp-json\/wp\/v2\/types\/post"}],"author":[{"embeddable":true,"href":"https:\/\/radiokfor.com\/2\/wp-json\/wp\/v2\/users\/9"}],"replies":[{"embeddable":true,"href":"https:\/\/radiokfor.com\/2\/wp-json\/wp\/v2\/comments?post=19052"}],"version-history":[{"count":1,"href":"https:\/\/radiokfor.com\/2\/wp-json\/wp\/v2\/posts\/19052\/revisions"}],"predecessor-version":[{"id":19054,"href":"https:\/\/radiokfor.com\/2\/wp-json\/wp\/v2\/posts\/19052\/revisions\/19054"}],"wp:featuredmedia":[{"embeddable":true,"href":"https:\/\/radiokfor.com\/2\/wp-json\/wp\/v2\/media\/19053"}],"wp:attachment":[{"href":"https:\/\/radiokfor.com\/2\/wp-json\/wp\/v2\/media?parent=19052"}],"wp:term":[{"taxonomy":"category","embeddable":true,"href":"https:\/\/radiokfor.com\/2\/wp-json\/wp\/v2\/categories?post=19052"},{"taxonomy":"post_tag","embeddable":true,"href":"https:\/\/radiokfor.com\/2\/wp-json\/wp\/v2\/tags?post=19052"}],"curies":[{"name":"wp","href":"https:\/\/api.w.org\/{rel}","templated":true}]}}