{"id":18741,"date":"2022-11-16T00:57:59","date_gmt":"2022-11-15T23:57:59","guid":{"rendered":"https:\/\/radiokfor.com\/2\/?p=18741"},"modified":"2022-11-15T16:02:57","modified_gmt":"2022-11-15T15:02:57","slug":"danas-se-obelezava-svetski-dan-tolerancije","status":"publish","type":"post","link":"https:\/\/radiokfor.com\/2\/danas-se-obelezava-svetski-dan-tolerancije\/","title":{"rendered":"Danas se obele\u017eava Svetski dan tolerancije"},"content":{"rendered":"<p>Svetski dan tolerancije se jo\u0161 od 1996. godine obele\u017eava 16. novembra. Ovaj dan obele\u017eava se od potpisivanja Deklaracije o principima tolerancije koju su potpisale \u010dlanice Ujedinjenih nacija.<\/p>\n<p>U nastavku po\u010ditajte \u0161ta tolerancija predstvalja za na\u0161e sugra\u0111ane.<\/p>\n<p><em>\u201cTolerancija se smatra dru\u0161tvenom vredno\u0161c\u0301u koja omoguc\u0301ava stvaranje prostora harmoni\u010dnog su\u017eivota ljudi razli\u010ditih karakteristika i na\u010dina \u017eivota\u201d<\/em>, rekla je An\u0111ela Tomi\u0107.<\/p>\n<p><em>\u201cTolerancija je va\u017ena za dru\u0161tvo.\u00a0U institucijijama, na radnim mestima, neophodno je da imamo saradnju sa ljudima. \u00a0Va\u017eno je da prihvatimo ra\u017eli\u010ditost\u201c,<\/em> kazao je Dalibor Cveji\u0107.<\/p>\n<p>Dosledno po\u0161tovanje ljudskih prava, biti tolerantan, ne zna\u010di tolerisati dru\u0161tvene nepravde ili odbaciti ili oslabiti tu\u0111a uverenja. To zna\u010di biti slobodan, \u010dvrsto se dr\u017eati svojih uverenja i prihvatiti da se i drugi dr\u017ee svojih.<\/p>\n","protected":false},"excerpt":{"rendered":"<p>Svetski dan tolerancije se jo\u0161 od 1996. godine obele\u017eava 16. novembra. Ovaj dan obele\u017eava se od potpisivanja Deklaracije o principima tolerancije koju su potpisale \u010dlanice Ujedinjenih nacija. U nastavku po\u010ditajte \u0161ta tolerancija predstvalja za na\u0161e sugra\u0111ane. \u201cTolerancija se smatra dru\u0161tvenom vredno\u0161c\u0301u koja omoguc\u0301ava stvaranje prostora harmoni\u010dnog su\u017eivota ljudi razli\u010ditih karakteristika i na\u010dina \u017eivota\u201d, rekla je&hellip;<\/p>\n","protected":false},"author":10,"featured_media":18742,"comment_status":"closed","ping_status":"closed","sticky":false,"template":"","format":"standard","meta":{"footnotes":""},"categories":[2],"tags":[],"class_list":["post-18741","post","type-post","status-publish","format-standard","has-post-thumbnail","hentry","category-news","category-2","description-off"],"_links":{"self":[{"href":"https:\/\/radiokfor.com\/2\/wp-json\/wp\/v2\/posts\/18741","targetHints":{"allow":["GET"]}}],"collection":[{"href":"https:\/\/radiokfor.com\/2\/wp-json\/wp\/v2\/posts"}],"about":[{"href":"https:\/\/radiokfor.com\/2\/wp-json\/wp\/v2\/types\/post"}],"author":[{"embeddable":true,"href":"https:\/\/radiokfor.com\/2\/wp-json\/wp\/v2\/users\/10"}],"replies":[{"embeddable":true,"href":"https:\/\/radiokfor.com\/2\/wp-json\/wp\/v2\/comments?post=18741"}],"version-history":[{"count":1,"href":"https:\/\/radiokfor.com\/2\/wp-json\/wp\/v2\/posts\/18741\/revisions"}],"predecessor-version":[{"id":18743,"href":"https:\/\/radiokfor.com\/2\/wp-json\/wp\/v2\/posts\/18741\/revisions\/18743"}],"wp:featuredmedia":[{"embeddable":true,"href":"https:\/\/radiokfor.com\/2\/wp-json\/wp\/v2\/media\/18742"}],"wp:attachment":[{"href":"https:\/\/radiokfor.com\/2\/wp-json\/wp\/v2\/media?parent=18741"}],"wp:term":[{"taxonomy":"category","embeddable":true,"href":"https:\/\/radiokfor.com\/2\/wp-json\/wp\/v2\/categories?post=18741"},{"taxonomy":"post_tag","embeddable":true,"href":"https:\/\/radiokfor.com\/2\/wp-json\/wp\/v2\/tags?post=18741"}],"curies":[{"name":"wp","href":"https:\/\/api.w.org\/{rel}","templated":true}]}}