{"id":18404,"date":"2022-10-19T15:53:31","date_gmt":"2022-10-19T13:53:31","guid":{"rendered":"https:\/\/radiokfor.com\/2\/?p=18404"},"modified":"2022-10-19T15:53:31","modified_gmt":"2022-10-19T13:53:31","slug":"sajam-agrobiznisa-i-hrane-okupio-sve-zajednice-na-kosovu","status":"publish","type":"post","link":"https:\/\/radiokfor.com\/2\/sajam-agrobiznisa-i-hrane-okupio-sve-zajednice-na-kosovu\/","title":{"rendered":"Sajam agrobiznisa i hrane okupio sve zajednice na Kosovu"},"content":{"rendered":"<p>Me\u0111unarodni sajam agrobiznisa i hrane (AGROKOS) okuplja veliki broj preduzetnika iz domac\u0301ih i me\u0111unarodnih firmi iz sektora agrobiznisa. Sajam je osmi\u0161ljen da slu\u017ei kao most saradnje sa evropskim zemljama i \u0161ire, gde posetioci i privrednici imaju priliku da razvijaju svoje poslovanje kroz razli\u010dite obuke, seminare, konferencije i diskusije.<\/p>\n<p>Ove godine sajam se odr\u017eava u Palati omladine u Pri\u0161tini, a jedan od izlaga\u010da je i direktor Udru\u017eenja prera\u0111iva\u010da voc\u0301a i povrc\u0301a Kosova (PEPEKO), Hartin Ga\u0161i.<\/p>\n<p>Ga\u0161i je istakao odli\u010dnu saradnju razli\u010ditih zajednica koje su deo ovog udru\u017eenja:<\/p>\n<p>\u201eNa\u0161e udru\u017eenje postoji od 2015. godine, osnovano na inicijativu USAID-a. U okviru na\u0161eg udru\u017eenja imamo kao \u010dlanove kompanije koje se bave preradom voc\u0301a i povrc\u0301a. Imamo preko 35 \u010dlanova iz srpske, turske i bo\u0161nja\u010dke zajednice. Kompanije svih zajednica koje imamo u udru\u017eenju imaju odli\u010dnu saradnju. Sastajemo se prilikom raznih aktivnosti i u vec\u0301ini slu\u010dajeva glavni cilj je razmena iskustava i promovisanje socijalnog dijaloga izme\u0111u razli\u010ditih etni\u010dkih grupa na Kosovu koje se uglavnom bave preradom vo\u0107a i povrc\u0301a, jer svi imaju za cilj da proizvode bezbedne i zdrave proizvode za sve stanovnike Kosova.\u201c<\/p>\n<p>Jedan od prisutnih na ovom sajmu bio je i predstavnik kompanije u\u010desnice \u201eGreen Food\u201c, Nehat Ta\u010di, koji je tako\u0111e potvrdio blisku saradnju sa drugim zajednicama:<\/p>\n<p>\u201eSvi \u010dlanovi Udru\u017eenja prera\u0111iva\u010da voc\u0301a i povrc\u0301a veoma su zadovoljni saradnjom sa drugim zajednicama. Prave se lepi aran\u017emani kao \u0161to je ovaj sajam na kome ne bih mogao da u\u010destvujem, bez pomoc\u0301i PEPEKO-a. Na\u0161a kompanija izvozi oko 85% proizvoda u Evropu i veoma sam zadovoljan \u0161to sam obezbedio tr\u017ei\u0161te u Evropi, zajedno sa albanskim i bosanskim kompanijama.\u201c<\/p>\n<p>Aleksandra Popovi\u0107, iz okoline Raniluga, smatra da je ovo dobra prilika za saradnju i promociju njene firme \u201ePrirodom do zdravlja\u201c,\u00a0 koja se bavi preradom vo\u0107a i povr\u0107a i proizvodnjom doma\u0107e hrane.<\/p>\n<p>\u201ePrvi put u\u010destvujem na sajmu. Sve ovo je doma\u0107a proizvodnja, d\u017eem od \u0161ljiva, ajvar, likeri&#8230; Ljudi su zainteresovani, probaju, svi\u0111a im se i kupuju. Ovde dolaze ljudi svih nacionalnosti i ja sam malo pro\u0161etala i probala proizvode sa drugih \u0161tandova. Vidim da tu ima ba\u0161 jakih kompanija koje posluju ve\u0107 godinama. Rado \u0107u se vratiti i slede\u0107e godine\u201c.<\/p>\n<p>Sajam se nastavlja sutra (20.10) od 10.00 do 18.00 \u010dasova, u prostorijama Palate omladine. U\u010de\u0161c\u0301e na ovom sajmu je podr\u017eano od #SIRED projekta Caritasa \u0160vajcarske na Kosovu i finansirano je od strane Austrijske razvojne agencije.<\/p>\n<p><img loading=\"lazy\" decoding=\"async\" class=\"alignnone size-medium wp-image-18408\" src=\"https:\/\/radiokfor.com\/2\/wp-content\/uploads\/2022\/10\/312196950_2605365332927378_2644749500034205519_n-1-223x300.jpg\" alt=\"\" width=\"223\" height=\"300\" srcset=\"https:\/\/radiokfor.com\/2\/wp-content\/uploads\/2022\/10\/312196950_2605365332927378_2644749500034205519_n-1-223x300.jpg 223w, https:\/\/radiokfor.com\/2\/wp-content\/uploads\/2022\/10\/312196950_2605365332927378_2644749500034205519_n-1-762x1024.jpg 762w, https:\/\/radiokfor.com\/2\/wp-content\/uploads\/2022\/10\/312196950_2605365332927378_2644749500034205519_n-1-768x1032.jpg 768w, https:\/\/radiokfor.com\/2\/wp-content\/uploads\/2022\/10\/312196950_2605365332927378_2644749500034205519_n-1-1143x1536.jpg 1143w, https:\/\/radiokfor.com\/2\/wp-content\/uploads\/2022\/10\/312196950_2605365332927378_2644749500034205519_n-1.jpg 1488w\" sizes=\"auto, (max-width: 223px) 100vw, 223px\" \/>\u00a0 \u00a0 <img loading=\"lazy\" decoding=\"async\" class=\"alignnone  wp-image-18409\" src=\"https:\/\/radiokfor.com\/2\/wp-content\/uploads\/2022\/10\/312260639_5565390840219924_633126490078541425_n-300x225.jpg\" alt=\"\" width=\"300\" height=\"225\" srcset=\"https:\/\/radiokfor.com\/2\/wp-content\/uploads\/2022\/10\/312260639_5565390840219924_633126490078541425_n-300x225.jpg 300w, https:\/\/radiokfor.com\/2\/wp-content\/uploads\/2022\/10\/312260639_5565390840219924_633126490078541425_n-1024x768.jpg 1024w, https:\/\/radiokfor.com\/2\/wp-content\/uploads\/2022\/10\/312260639_5565390840219924_633126490078541425_n-768x576.jpg 768w, https:\/\/radiokfor.com\/2\/wp-content\/uploads\/2022\/10\/312260639_5565390840219924_633126490078541425_n-1536x1152.jpg 1536w, https:\/\/radiokfor.com\/2\/wp-content\/uploads\/2022\/10\/312260639_5565390840219924_633126490078541425_n.jpg 2000w\" sizes=\"auto, (max-width: 300px) 100vw, 300px\" \/>\u00a0 \u00a0 <img loading=\"lazy\" decoding=\"async\" class=\"alignnone  wp-image-18415\" src=\"https:\/\/radiokfor.com\/2\/wp-content\/uploads\/2022\/10\/312209407_646439723773295_1388895251413849404_n-300x169.png\" alt=\"\" width=\"318\" height=\"179\" srcset=\"https:\/\/radiokfor.com\/2\/wp-content\/uploads\/2022\/10\/312209407_646439723773295_1388895251413849404_n-300x169.png 300w, https:\/\/radiokfor.com\/2\/wp-content\/uploads\/2022\/10\/312209407_646439723773295_1388895251413849404_n-768x432.png 768w, https:\/\/radiokfor.com\/2\/wp-content\/uploads\/2022\/10\/312209407_646439723773295_1388895251413849404_n.png 940w\" sizes=\"auto, (max-width: 318px) 100vw, 318px\" \/><\/p>\n","protected":false},"excerpt":{"rendered":"<p>Me\u0111unarodni sajam agrobiznisa i hrane (AGROKOS) okuplja veliki broj preduzetnika iz domac\u0301ih i me\u0111unarodnih firmi iz sektora agrobiznisa. Sajam je osmi\u0161ljen da slu\u017ei kao most saradnje sa evropskim zemljama i \u0161ire, gde posetioci i privrednici imaju priliku da razvijaju svoje poslovanje kroz razli\u010dite obuke, seminare, konferencije i diskusije. Ove godine sajam se odr\u017eava u Palati&hellip;<\/p>\n","protected":false},"author":9,"featured_media":18407,"comment_status":"closed","ping_status":"closed","sticky":false,"template":"","format":"standard","meta":{"footnotes":""},"categories":[2],"tags":[],"class_list":["post-18404","post","type-post","status-publish","format-standard","has-post-thumbnail","hentry","category-news","category-2","description-off"],"_links":{"self":[{"href":"https:\/\/radiokfor.com\/2\/wp-json\/wp\/v2\/posts\/18404","targetHints":{"allow":["GET"]}}],"collection":[{"href":"https:\/\/radiokfor.com\/2\/wp-json\/wp\/v2\/posts"}],"about":[{"href":"https:\/\/radiokfor.com\/2\/wp-json\/wp\/v2\/types\/post"}],"author":[{"embeddable":true,"href":"https:\/\/radiokfor.com\/2\/wp-json\/wp\/v2\/users\/9"}],"replies":[{"embeddable":true,"href":"https:\/\/radiokfor.com\/2\/wp-json\/wp\/v2\/comments?post=18404"}],"version-history":[{"count":2,"href":"https:\/\/radiokfor.com\/2\/wp-json\/wp\/v2\/posts\/18404\/revisions"}],"predecessor-version":[{"id":18416,"href":"https:\/\/radiokfor.com\/2\/wp-json\/wp\/v2\/posts\/18404\/revisions\/18416"}],"wp:featuredmedia":[{"embeddable":true,"href":"https:\/\/radiokfor.com\/2\/wp-json\/wp\/v2\/media\/18407"}],"wp:attachment":[{"href":"https:\/\/radiokfor.com\/2\/wp-json\/wp\/v2\/media?parent=18404"}],"wp:term":[{"taxonomy":"category","embeddable":true,"href":"https:\/\/radiokfor.com\/2\/wp-json\/wp\/v2\/categories?post=18404"},{"taxonomy":"post_tag","embeddable":true,"href":"https:\/\/radiokfor.com\/2\/wp-json\/wp\/v2\/tags?post=18404"}],"curies":[{"name":"wp","href":"https:\/\/api.w.org\/{rel}","templated":true}]}}