{"id":18293,"date":"2022-10-11T14:33:23","date_gmt":"2022-10-11T12:33:23","guid":{"rendered":"https:\/\/radiokfor.com\/2\/?p=18293"},"modified":"2022-10-11T14:36:22","modified_gmt":"2022-10-11T12:36:22","slug":"mesunarodni-dan-devojcica","status":"publish","type":"post","link":"https:\/\/radiokfor.com\/2\/mesunarodni-dan-devojcica\/","title":{"rendered":"Me\u0111unarodni dan devoj\u010dica"},"content":{"rendered":"<p>Od 2012. godine 11. oktobar zvani\u010dno je prepoznat kao Me\u0111unarodni dan devoj\u010dica. Prema Ujedinjenim nacijama, ovaj dan ima za cilj da uka\u017ee i odgovori na potrebe i izazove sa kojima se suo\u010davaju devoj\u010dice, istovremeno promovi\u0161uc\u0301i osna\u017eivanje devoj\u010dica i ispunjenje njihovih ljudskih prava.<\/p>\n<p>Vi\u0161e od 62 miliona devoj\u010dica \u0161irom sveta nema pristup obrazovanju. Globalno, svake godine 12 miliona devoj\u010dica i devojaka stupa u brak pre osamnaeste godine, mnoge devojke su izlo\u017eene seksualnom nasilju, a po\u010dinioci \u010desto nisu ka\u017enjeni. Istra\u017eivanja na svetskom nivou, pokazuju i da je \u010detvrtina devoj\u010dica \u017ertva nekog oblika fizi\u010dkog zlostavljanja, oko 70 miliona, prijavljuje zlostavljanje u uzrastu ve\u0107 od 15 godina.<\/p>\n<p>Ove godine, tema dana je \u201cNa\u0161e vreme je sada\u2014na\u0161a prava, na\u0161a buduc\u0301nost\u201d. Zato danas slavimo sve devoj\u010dice i devojke sveta i njihovu mo\u0107 i snagu da se izbore sa dru\u0161tvima koja tek treba da prepoznaju vrednost devoj\u010dica, nadaju\u0107i se da \u0107e sve \u0161to \u010dinimo voditi ka boljim \u017eivotima i budu\u0107nostima za sve njih.<\/p>\n<p>Me\u0111unarodni dan devoj\u010dica obele\u017eava se raznim kampanjama, koje \u0107e se baviti jedinstvenim problemima devoj\u010dica i devojaka, kao i edukaciji mladih o pravima na detinjstvo, obrazovanje i zdravstvenu za\u0161titu.<\/p>\n","protected":false},"excerpt":{"rendered":"<p>Od 2012. godine 11. oktobar zvani\u010dno je prepoznat kao Me\u0111unarodni dan devoj\u010dica. Prema Ujedinjenim nacijama, ovaj dan ima za cilj da uka\u017ee i odgovori na potrebe i izazove sa kojima se suo\u010davaju devoj\u010dice, istovremeno promovi\u0161uc\u0301i osna\u017eivanje devoj\u010dica i ispunjenje njihovih ljudskih prava. Vi\u0161e od 62 miliona devoj\u010dica \u0161irom sveta nema pristup obrazovanju. Globalno, svake godine&hellip;<\/p>\n","protected":false},"author":10,"featured_media":18294,"comment_status":"closed","ping_status":"closed","sticky":false,"template":"","format":"standard","meta":{"footnotes":""},"categories":[2],"tags":[],"class_list":["post-18293","post","type-post","status-publish","format-standard","has-post-thumbnail","hentry","category-news","category-2","description-off"],"_links":{"self":[{"href":"https:\/\/radiokfor.com\/2\/wp-json\/wp\/v2\/posts\/18293","targetHints":{"allow":["GET"]}}],"collection":[{"href":"https:\/\/radiokfor.com\/2\/wp-json\/wp\/v2\/posts"}],"about":[{"href":"https:\/\/radiokfor.com\/2\/wp-json\/wp\/v2\/types\/post"}],"author":[{"embeddable":true,"href":"https:\/\/radiokfor.com\/2\/wp-json\/wp\/v2\/users\/10"}],"replies":[{"embeddable":true,"href":"https:\/\/radiokfor.com\/2\/wp-json\/wp\/v2\/comments?post=18293"}],"version-history":[{"count":2,"href":"https:\/\/radiokfor.com\/2\/wp-json\/wp\/v2\/posts\/18293\/revisions"}],"predecessor-version":[{"id":18296,"href":"https:\/\/radiokfor.com\/2\/wp-json\/wp\/v2\/posts\/18293\/revisions\/18296"}],"wp:featuredmedia":[{"embeddable":true,"href":"https:\/\/radiokfor.com\/2\/wp-json\/wp\/v2\/media\/18294"}],"wp:attachment":[{"href":"https:\/\/radiokfor.com\/2\/wp-json\/wp\/v2\/media?parent=18293"}],"wp:term":[{"taxonomy":"category","embeddable":true,"href":"https:\/\/radiokfor.com\/2\/wp-json\/wp\/v2\/categories?post=18293"},{"taxonomy":"post_tag","embeddable":true,"href":"https:\/\/radiokfor.com\/2\/wp-json\/wp\/v2\/tags?post=18293"}],"curies":[{"name":"wp","href":"https:\/\/api.w.org\/{rel}","templated":true}]}}