{"id":18276,"date":"2022-10-10T15:29:33","date_gmt":"2022-10-10T13:29:33","guid":{"rendered":"https:\/\/radiokfor.com\/2\/?p=18276"},"modified":"2022-10-10T15:29:33","modified_gmt":"2022-10-10T13:29:33","slug":"svetski-dan-mentalnog-zdravlja","status":"publish","type":"post","link":"https:\/\/radiokfor.com\/2\/svetski-dan-mentalnog-zdravlja\/","title":{"rendered":"Svetski dan mentalnog zdravlja"},"content":{"rendered":"<p>Svetski dan mentalnog zdravlja predstavlja najva\u017eniju godi\u0161nju globalnu kampanju namenjenu podizanju svesti o zna\u010daju mentalnog zdravlja. Obele\u017eava se na svim kontinentima i u gotovo svim zemljama kroz lokalne, regionalne i nacionalne doga\u0111aje i programe.<\/p>\n<p>Ove godine se obele\u017eava pod sloganom \u201eNeka mentalno zdravlje i dobrobit postanu prioritet za sve\u201c i pru\u017ea priliku da se svi pokrenu radi za\u0161tite i pobolj\u0161anja mentalnog zdravlja.<\/p>\n<p>Povodom ovog dana, razgovarali smo sa doktorom specijalistom psihijatrije Neboj\u0161om Mladenovi\u0107em.<\/p>\n<p><em>\u201eVeoma je va\u017eno o\u010duvanje mentalnog zdravlja pojedinaca, ali i dru\u0161tva u celini. To mo\u017eemo posti\u0107i promocijom mentalnog blagostanja, kroz pove\u0107an pristup kvalitetnoj za\u0161titi mentalnog zdravlja i prevenciji mentalnih bolesti. Svima preporu\u010dujem da slobodno vreme provedu u prirodi, \u0161etnji ili rade\u0107i neku drugu aktivnost koja ih ispunjava i usre\u0107uje (dru\u017eenje sa porodicom i prijateljima, bavljenjem nekim hobijem ili kvalitetan odmor).\u201c<\/em><\/p>\n<p>Tokom Svetske skup\u0161tine zdravlja (World Health Assembly) u maju 2021. godine, vlade iz celog sveta prepoznale su potrebu za pove\u0107anjem kvaliteta usluga za\u0161tite mentalnog zdravlja na svim nivoima i odobrile su Sveobuhvatni akcioni plan za mentalno zdravlje Svetske zdravstvene organizacije, za period 2013-2030, uklju\u010duju\u0107i a\u017eurirane opcije primene Plana i pokazatelje za merenje napretka.<\/p>\n","protected":false},"excerpt":{"rendered":"<p>Svetski dan mentalnog zdravlja predstavlja najva\u017eniju godi\u0161nju globalnu kampanju namenjenu podizanju svesti o zna\u010daju mentalnog zdravlja. Obele\u017eava se na svim kontinentima i u gotovo svim zemljama kroz lokalne, regionalne i nacionalne doga\u0111aje i programe. Ove godine se obele\u017eava pod sloganom \u201eNeka mentalno zdravlje i dobrobit postanu prioritet za sve\u201c i pru\u017ea priliku da se svi&hellip;<\/p>\n","protected":false},"author":2,"featured_media":18277,"comment_status":"closed","ping_status":"closed","sticky":false,"template":"","format":"standard","meta":{"footnotes":""},"categories":[2],"tags":[],"class_list":["post-18276","post","type-post","status-publish","format-standard","has-post-thumbnail","hentry","category-news","category-2","description-off"],"_links":{"self":[{"href":"https:\/\/radiokfor.com\/2\/wp-json\/wp\/v2\/posts\/18276","targetHints":{"allow":["GET"]}}],"collection":[{"href":"https:\/\/radiokfor.com\/2\/wp-json\/wp\/v2\/posts"}],"about":[{"href":"https:\/\/radiokfor.com\/2\/wp-json\/wp\/v2\/types\/post"}],"author":[{"embeddable":true,"href":"https:\/\/radiokfor.com\/2\/wp-json\/wp\/v2\/users\/2"}],"replies":[{"embeddable":true,"href":"https:\/\/radiokfor.com\/2\/wp-json\/wp\/v2\/comments?post=18276"}],"version-history":[{"count":1,"href":"https:\/\/radiokfor.com\/2\/wp-json\/wp\/v2\/posts\/18276\/revisions"}],"predecessor-version":[{"id":18278,"href":"https:\/\/radiokfor.com\/2\/wp-json\/wp\/v2\/posts\/18276\/revisions\/18278"}],"wp:featuredmedia":[{"embeddable":true,"href":"https:\/\/radiokfor.com\/2\/wp-json\/wp\/v2\/media\/18277"}],"wp:attachment":[{"href":"https:\/\/radiokfor.com\/2\/wp-json\/wp\/v2\/media?parent=18276"}],"wp:term":[{"taxonomy":"category","embeddable":true,"href":"https:\/\/radiokfor.com\/2\/wp-json\/wp\/v2\/categories?post=18276"},{"taxonomy":"post_tag","embeddable":true,"href":"https:\/\/radiokfor.com\/2\/wp-json\/wp\/v2\/tags?post=18276"}],"curies":[{"name":"wp","href":"https:\/\/api.w.org\/{rel}","templated":true}]}}