{"id":18198,"date":"2022-10-04T17:08:12","date_gmt":"2022-10-04T15:08:12","guid":{"rendered":"https:\/\/radiokfor.com\/2\/?p=18198"},"modified":"2022-10-04T17:25:50","modified_gmt":"2022-10-04T15:25:50","slug":"o-umetnosti-i-slikarstvu-sa-bobom-rakicem","status":"publish","type":"post","link":"https:\/\/radiokfor.com\/2\/o-umetnosti-i-slikarstvu-sa-bobom-rakicem\/","title":{"rendered":"O umetnosti i slikarstvu sa Bobom Raki\u0107em"},"content":{"rendered":"<p>Pored toga \u0161to se mo\u017ee pohvaliti vrlo bogatom muzi\u010dkom karijerom, Slobodan Boba Raki\u0107 je i nadareni slikar, samim tim zaslu\u017euje da kao multitalentovani umetnik otvori oktobarsku kampanju na\u0161eg radija u \u010dijem su fokusu umetnici \u2013 slikari.<\/p>\n<p>Vi\u0161e vremena da se posveti slikarstvu, svojoj prvoj ljubavi, na\u0161ao je po\u010detkom pandemije, i to je rezultiralo prvom samostalnom izlo\u017ebom \u201eTrenutak\u201c.<\/p>\n<p><strong><em>\u201eSlike sa prve izlo\u017ebe su poklonjene mojim prijateljima i kolegama, samo sam dve zadr\u017eao i za jednu od njih, \u201eKlicu\u201c, je moj kriti\u010dar i moja podr\u0161ka, mla\u0111a \u0107erkica rekla \u201etata ja ne znam \u0161ta je ovo, ali je sigurno umetnost.\u201c<\/em><\/strong><\/p>\n<p>Tokom dana\u0161njeg razgovora saznali smo da je svakodnevni rad potreban da bi se jedno umetni\u010dko delo smatralo vrhunskim. Boba bi voleo da jednoga dana u Njujorku ima svoj atelje, jer isti odi\u0161e modernom umetno\u0161\u0107u, i da se uvek vodi savetom svog dekana: \u201e<strong><em>\u0161to bi moj dekan Tomislav Trifi\u0107 rekao \u201etreba znati stati\u201c, ba\u0161 tada kad misli\u0161 da su emocije prenete na platno.\u201c<\/em><\/strong><\/p>\n<p>A ako ste se pitali \u0161ta ovih dana radi Boba, imamo lepu vest, u njegovom ateljeu\/studiju uveliko se radi na novim umetni\u010dkim delima i novim pesmama!<\/p>\n","protected":false},"excerpt":{"rendered":"<p>Pored toga \u0161to se mo\u017ee pohvaliti vrlo bogatom muzi\u010dkom karijerom, Slobodan Boba Raki\u0107 je i nadareni slikar, samim tim zaslu\u017euje da kao multitalentovani umetnik otvori oktobarsku kampanju na\u0161eg radija u \u010dijem su fokusu umetnici \u2013 slikari. Vi\u0161e vremena da se posveti slikarstvu, svojoj prvoj ljubavi, na\u0161ao je po\u010detkom pandemije, i to je rezultiralo prvom samostalnom&hellip;<\/p>\n","protected":false},"author":11,"featured_media":18199,"comment_status":"closed","ping_status":"closed","sticky":false,"template":"","format":"standard","meta":{"footnotes":""},"categories":[2],"tags":[],"class_list":["post-18198","post","type-post","status-publish","format-standard","has-post-thumbnail","hentry","category-news","category-2","description-off"],"_links":{"self":[{"href":"https:\/\/radiokfor.com\/2\/wp-json\/wp\/v2\/posts\/18198","targetHints":{"allow":["GET"]}}],"collection":[{"href":"https:\/\/radiokfor.com\/2\/wp-json\/wp\/v2\/posts"}],"about":[{"href":"https:\/\/radiokfor.com\/2\/wp-json\/wp\/v2\/types\/post"}],"author":[{"embeddable":true,"href":"https:\/\/radiokfor.com\/2\/wp-json\/wp\/v2\/users\/11"}],"replies":[{"embeddable":true,"href":"https:\/\/radiokfor.com\/2\/wp-json\/wp\/v2\/comments?post=18198"}],"version-history":[{"count":2,"href":"https:\/\/radiokfor.com\/2\/wp-json\/wp\/v2\/posts\/18198\/revisions"}],"predecessor-version":[{"id":18201,"href":"https:\/\/radiokfor.com\/2\/wp-json\/wp\/v2\/posts\/18198\/revisions\/18201"}],"wp:featuredmedia":[{"embeddable":true,"href":"https:\/\/radiokfor.com\/2\/wp-json\/wp\/v2\/media\/18199"}],"wp:attachment":[{"href":"https:\/\/radiokfor.com\/2\/wp-json\/wp\/v2\/media?parent=18198"}],"wp:term":[{"taxonomy":"category","embeddable":true,"href":"https:\/\/radiokfor.com\/2\/wp-json\/wp\/v2\/categories?post=18198"},{"taxonomy":"post_tag","embeddable":true,"href":"https:\/\/radiokfor.com\/2\/wp-json\/wp\/v2\/tags?post=18198"}],"curies":[{"name":"wp","href":"https:\/\/api.w.org\/{rel}","templated":true}]}}