{"id":18115,"date":"2022-09-29T08:41:49","date_gmt":"2022-09-29T06:41:49","guid":{"rendered":"https:\/\/radiokfor.com\/2\/?p=18115"},"modified":"2022-09-30T08:42:45","modified_gmt":"2022-09-30T06:42:45","slug":"komsija-dodi-na-kafu","status":"publish","type":"post","link":"https:\/\/radiokfor.com\/2\/komsija-dodi-na-kafu\/","title":{"rendered":"\u201eKom\u0161ija, do\u0111i na kafu\u201c"},"content":{"rendered":"<p>Povodom \u201eFestivala kafe\u201c, na glavnom mostu u Mitrovici mladi ljudi srpske i albanske zajednice sastali su se da zajedno popiju kafu.<\/p>\n<p>\u201eFestival kafe\u201c su zajedni\u010dki organizovali <em>Community Building Mitrovica (CBM), Nova dru\u0161tvena inicijativa <\/em>i <em>Inicijativa mladih za ljudska prava <\/em>uz podr\u0161ku USAID-a.<\/p>\n<p>Na ovom festivalu, pored kafe, mladi su imali priliku da se zabave uz razne aktivnosti i u\u017eivaju u muzici u izvo\u0111enju Mitrova\u010dke rok \u0161kole, D\u017eimija Mustafe, DJ Butrinta Behramija i DJ Svacka.<\/p>\n<p>Mi smo, povodom ovog festivala, razgovarali sa programskim slu\u017ebenikom Nerimane Ferizi.<\/p>\n<p><em>\u00a0\u201ePo\u0161to znamo da se kafa puno pije kod nas, prili\u010dno je uobi\u010dajeno da se pozovu i drugi na kafu. \u201eKom\u0161ija, do\u0111i na kafu\u201c je moto festivala, i to je prilika da se kom\u0161ije sretnu na mostu, popiju zajedno kafu i, mo\u017eda, da promenimo sliku mosta. Zato ukazujem svim mladim ljudima iz srpske i albanske zajednice, koji su pri\u010dali sa mnom, da svi imamo iste probleme.\u201c<\/em><\/p>\n<p>Istog mi\u0161ljenja je bila i druga organizatorka Milica Jakovljevic\u0301:<\/p>\n<p><em>\u201eDanas smo pozvali sve gra\u0111ane iz ju\u017ene i severne Mitrovice da nam se pridru\u017ee, kao i iz celog regiona Mitrovice, ali i sa celog Kosova, da sa nama popiju kafu i u\u017eivaju u muzi\u010dkom programu koji smo pripremili njih. A mladima je najva\u017enija poruka da treba da u\u017eivaju u razli\u010ditosti i da se dru\u017ee. Da \u0161to vi\u0161e vremena provedemo zajedno i svakako damo jedni drugima \u0161ansu, da se bolje upoznamo i da u\u017eivamo u svakom danu\u201c.<\/em><\/p>\n<p>Jedan od u\u010desnika se ba\u0161 dobro zabavio.<\/p>\n<p><em>\u00a0\u201eZdravo, ja sam Blinera Kajtazi, iz Mitrovice i danas sam deo ove manifestacije. Naravno, Mitrovici su nedostajale ovakve aktivnosti, nismo ih imali, pogotovo od vremena pandemije, zato se lepo zabavljamo. Mislim da nam je potreban ovaj most preko koga \u0107emo se sretati \u00a0sa mladim Srbima ili i\u0107i na zajedni\u010dke aktivnosti\u201c. <\/em><\/p>\n<p>Svrha \u201eFestivala kafe\u201c je bila da ujedini zajednice u Mitrovici i regionu, da u\u017eivaju u danu uz kafu, \u017eivu muziku i kom\u0161ijske razgovore.<\/p>\n","protected":false},"excerpt":{"rendered":"<p>Povodom \u201eFestivala kafe\u201c, na glavnom mostu u Mitrovici mladi ljudi srpske i albanske zajednice sastali su se da zajedno popiju kafu. \u201eFestival kafe\u201c su zajedni\u010dki organizovali Community Building Mitrovica (CBM), Nova dru\u0161tvena inicijativa i Inicijativa mladih za ljudska prava uz podr\u0161ku USAID-a. Na ovom festivalu, pored kafe, mladi su imali priliku da se zabave uz&hellip;<\/p>\n","protected":false},"author":2,"featured_media":18112,"comment_status":"closed","ping_status":"closed","sticky":false,"template":"","format":"standard","meta":{"footnotes":""},"categories":[2],"tags":[],"class_list":["post-18115","post","type-post","status-publish","format-standard","has-post-thumbnail","hentry","category-news","category-2","description-off"],"_links":{"self":[{"href":"https:\/\/radiokfor.com\/2\/wp-json\/wp\/v2\/posts\/18115","targetHints":{"allow":["GET"]}}],"collection":[{"href":"https:\/\/radiokfor.com\/2\/wp-json\/wp\/v2\/posts"}],"about":[{"href":"https:\/\/radiokfor.com\/2\/wp-json\/wp\/v2\/types\/post"}],"author":[{"embeddable":true,"href":"https:\/\/radiokfor.com\/2\/wp-json\/wp\/v2\/users\/2"}],"replies":[{"embeddable":true,"href":"https:\/\/radiokfor.com\/2\/wp-json\/wp\/v2\/comments?post=18115"}],"version-history":[{"count":1,"href":"https:\/\/radiokfor.com\/2\/wp-json\/wp\/v2\/posts\/18115\/revisions"}],"predecessor-version":[{"id":18116,"href":"https:\/\/radiokfor.com\/2\/wp-json\/wp\/v2\/posts\/18115\/revisions\/18116"}],"wp:featuredmedia":[{"embeddable":true,"href":"https:\/\/radiokfor.com\/2\/wp-json\/wp\/v2\/media\/18112"}],"wp:attachment":[{"href":"https:\/\/radiokfor.com\/2\/wp-json\/wp\/v2\/media?parent=18115"}],"wp:term":[{"taxonomy":"category","embeddable":true,"href":"https:\/\/radiokfor.com\/2\/wp-json\/wp\/v2\/categories?post=18115"},{"taxonomy":"post_tag","embeddable":true,"href":"https:\/\/radiokfor.com\/2\/wp-json\/wp\/v2\/tags?post=18115"}],"curies":[{"name":"wp","href":"https:\/\/api.w.org\/{rel}","templated":true}]}}