{"id":17994,"date":"2022-09-19T14:12:18","date_gmt":"2022-09-19T12:12:18","guid":{"rendered":"https:\/\/radiokfor.com\/2\/?p=17994"},"modified":"2022-09-19T14:12:18","modified_gmt":"2022-09-19T12:12:18","slug":"omladinski-interkulturalni-kamp-je-uspesno-zavrsen","status":"publish","type":"post","link":"https:\/\/radiokfor.com\/2\/omladinski-interkulturalni-kamp-je-uspesno-zavrsen\/","title":{"rendered":"\u201eOmladinski interkulturalni kamp\u201c je uspe\u0161no zavr\u0161en"},"content":{"rendered":"<p>U hotelu \u201e\u0160ari\u201c (Prevalac), uspe\u0161no je zavr\u0161en trodnevni \u201eOmladinski interkulturalni kamp \u201d,\u00a0 koji je okupio mlade, uzrasta od 16 do 23 godine, iz albanske i srpske zajednice u organizaciji OEBS-a, Sektora za razvoj bezbednosti zajednice, Kosovske policije, i Lokalnog komiteta za javnu bezbednost (KLSP), koji okuplja mlade ljude koji zajedno rade na pobolj\u0161anju bezbednosti i kvaliteta \u017eivota zajednice.<\/p>\n<p>Tokom \u201eOmladinskog interkulturalnog kampa\u201c mladi u\u010desnici su imali priliku da se uklju\u010de u razli\u010dite aktivnosti, diskusije, kvizove znanja, u\u010dili su o pregovaranju, usavr\u0161avanju pregovara\u010dkih ve\u0161tina, negativnim pojavama me\u0111u mladima, njihovoj prevenciji itd.<\/p>\n<p>Da li su zadovoljni organizacijom kampa i aktivnostima koje su realizovane pitali smo u\u010desnike istog: \u201eJa sam Dielza Rama, iz Kosova Polja, student sam Pravnog fakulteta Univerziteta u Pri\u0161tini i mogu se pohvaliti da sam tokom trodnevnog kampa stekla nova znanja i nove prijatelje iz srpske zajednice. Mi mladi poku\u0161ac\u0301emo da stvorimo bolji prostor za na\u0161e dru\u0161tvo\u201c.<\/p>\n<p>Istog mi\u0161ljenja je i Zoran Simic\u0301, predstavnik Lokalnog odbora za Donju i Gornju Gu\u0161tericu i Liva\u0111e, u op\u0161tini Gra\u010danica: \u201eTokom kampa smo stekli nova poznanstva i novo znanje. A preporu\u010dio bih sugra\u0111anima da zaborave na razlike koje se ti\u010du nacionalne ili etni\u010dke pripadnosti kako bi sara\u0111ivali i stekli nove prijatelje.\u201c<\/p>\n<p>Zaposlenik OEBS-a Rrahim Berisha istakao je da je svrha ovog programa podizanje svesti zajednice o saradnji a u\u010desnicima kampa poru\u010duje: \u201eRadite zajedno za bolju buduc\u0301nost, jer ako budete sara\u0111ivali, buduc\u0301nost c\u0301e biti sigurna. Da imamo \u0161to vi\u0161e tolerancije u na\u0161em dru\u0161tvu, jer je poznato da je Kosovo dru\u0161tvo koje \u010dini mnogo zajednica i zajedno moramo da doprinesemo u ovom aspektu.\u201c<\/p>\n<p>Trec\u0301eg i poslednjeg dana \u201eOmladinskog interkulturalniog kampa\u201c odr\u017eana je sve\u010dana dodela sertifikata svim u\u010desnicima.<\/p>\n","protected":false},"excerpt":{"rendered":"<p>U hotelu \u201e\u0160ari\u201c (Prevalac), uspe\u0161no je zavr\u0161en trodnevni \u201eOmladinski interkulturalni kamp \u201d,\u00a0 koji je okupio mlade, uzrasta od 16 do 23 godine, iz albanske i srpske zajednice u organizaciji OEBS-a, Sektora za razvoj bezbednosti zajednice, Kosovske policije, i Lokalnog komiteta za javnu bezbednost (KLSP), koji okuplja mlade ljude koji zajedno rade na pobolj\u0161anju bezbednosti i&hellip;<\/p>\n","protected":false},"author":2,"featured_media":17995,"comment_status":"closed","ping_status":"closed","sticky":false,"template":"","format":"standard","meta":{"footnotes":""},"categories":[2],"tags":[],"class_list":["post-17994","post","type-post","status-publish","format-standard","has-post-thumbnail","hentry","category-news","category-2","description-off"],"_links":{"self":[{"href":"https:\/\/radiokfor.com\/2\/wp-json\/wp\/v2\/posts\/17994","targetHints":{"allow":["GET"]}}],"collection":[{"href":"https:\/\/radiokfor.com\/2\/wp-json\/wp\/v2\/posts"}],"about":[{"href":"https:\/\/radiokfor.com\/2\/wp-json\/wp\/v2\/types\/post"}],"author":[{"embeddable":true,"href":"https:\/\/radiokfor.com\/2\/wp-json\/wp\/v2\/users\/2"}],"replies":[{"embeddable":true,"href":"https:\/\/radiokfor.com\/2\/wp-json\/wp\/v2\/comments?post=17994"}],"version-history":[{"count":1,"href":"https:\/\/radiokfor.com\/2\/wp-json\/wp\/v2\/posts\/17994\/revisions"}],"predecessor-version":[{"id":17996,"href":"https:\/\/radiokfor.com\/2\/wp-json\/wp\/v2\/posts\/17994\/revisions\/17996"}],"wp:featuredmedia":[{"embeddable":true,"href":"https:\/\/radiokfor.com\/2\/wp-json\/wp\/v2\/media\/17995"}],"wp:attachment":[{"href":"https:\/\/radiokfor.com\/2\/wp-json\/wp\/v2\/media?parent=17994"}],"wp:term":[{"taxonomy":"category","embeddable":true,"href":"https:\/\/radiokfor.com\/2\/wp-json\/wp\/v2\/categories?post=17994"},{"taxonomy":"post_tag","embeddable":true,"href":"https:\/\/radiokfor.com\/2\/wp-json\/wp\/v2\/tags?post=17994"}],"curies":[{"name":"wp","href":"https:\/\/api.w.org\/{rel}","templated":true}]}}