{"id":17903,"date":"2022-09-13T10:49:43","date_gmt":"2022-09-13T08:49:43","guid":{"rendered":"https:\/\/radiokfor.com\/2\/?p=17903"},"modified":"2022-09-13T12:12:27","modified_gmt":"2022-09-13T10:12:27","slug":"vece-poezije-povodom-dana-opstine-gracanice","status":"publish","type":"post","link":"https:\/\/radiokfor.com\/2\/vece-poezije-povodom-dana-opstine-gracanice\/","title":{"rendered":"Ve\u010de poezije povodom Dana Op\u0161tine Gra\u010danice"},"content":{"rendered":"<p>Povodom dana Op\u0161tine Gra\u010danica, u \u010detvrtak \u0107e biti organizovano ve\u010de poezije. Doga\u0111aj pod nazivom \u201ePoetry party\u201c zajedni\u010dkim snagama organizuju Turisti\u010dka organizacija Gra\u010danica i NVO Centar manjinske zajednice.<\/p>\n<p>Povodom ovog doga\u0111aja, mi smo razgovarali sa predstavnicom NVO Centar manjinske zajednice, Jelenom Bulatovi\u0107.<\/p>\n<p><em>\u201eOrganizovanje doga\u0111aja kao \u0161to je &#8220;Poetry party&#8221;, koji je neformalnog karaktera za razliku od standardnih akademskih doga\u0111aja, podsti\u010de mlade umetnike da nastave sa pisanjem. Doga\u0111aj je proiza\u0161ao kao zavr\u0161na aktivnost u sklopu projekta &#8220;Slam poetry for youth power&#8221;, tokom kojeg svi\u00a0\u00a0 posetioci mogu da u\u017eivaju u poeziji na\u0161ih polaznika radionica i u stihovima svih slobodnih pesnika sa Kosova. Ulaz je besplatan i iskoristila bih priliku da pozovem i ostale pesnike, o kojima nemamo informacije, da posete na\u0161 doga\u0111aj jer \u0107e dobiti priliku i da nastupaju.\u201c<\/em><\/p>\n<p>Ona je dodala da je jedan od ciljeva ovog doga\u0111aja i kreiranje mre\u017ee slobodnih umetnika koji \u0107e se jednom godi\u0161nje okupljati kako bi prezentovali svoja nova knji\u017eevna dela.<\/p>\n<p>\u201ePoetry party\u201c se odr\u017eava u \u010detvrtak, 15. septembra od 20 \u010dasova u prostorijama <a href=\"https:\/\/www.facebook.com\/cecgracanica\">CEC-a<\/a> u Gra\u010danici.<\/p>\n","protected":false},"excerpt":{"rendered":"<p>Povodom dana Op\u0161tine Gra\u010danica, u \u010detvrtak \u0107e biti organizovano ve\u010de poezije. Doga\u0111aj pod nazivom \u201ePoetry party\u201c zajedni\u010dkim snagama organizuju Turisti\u010dka organizacija Gra\u010danica i NVO Centar manjinske zajednice. Povodom ovog doga\u0111aja, mi smo razgovarali sa predstavnicom NVO Centar manjinske zajednice, Jelenom Bulatovi\u0107. \u201eOrganizovanje doga\u0111aja kao \u0161to je &#8220;Poetry party&#8221;, koji je neformalnog karaktera za razliku od&hellip;<\/p>\n","protected":false},"author":2,"featured_media":17904,"comment_status":"closed","ping_status":"closed","sticky":false,"template":"","format":"standard","meta":{"footnotes":""},"categories":[2],"tags":[],"class_list":["post-17903","post","type-post","status-publish","format-standard","has-post-thumbnail","hentry","category-news","category-2","description-off"],"_links":{"self":[{"href":"https:\/\/radiokfor.com\/2\/wp-json\/wp\/v2\/posts\/17903","targetHints":{"allow":["GET"]}}],"collection":[{"href":"https:\/\/radiokfor.com\/2\/wp-json\/wp\/v2\/posts"}],"about":[{"href":"https:\/\/radiokfor.com\/2\/wp-json\/wp\/v2\/types\/post"}],"author":[{"embeddable":true,"href":"https:\/\/radiokfor.com\/2\/wp-json\/wp\/v2\/users\/2"}],"replies":[{"embeddable":true,"href":"https:\/\/radiokfor.com\/2\/wp-json\/wp\/v2\/comments?post=17903"}],"version-history":[{"count":3,"href":"https:\/\/radiokfor.com\/2\/wp-json\/wp\/v2\/posts\/17903\/revisions"}],"predecessor-version":[{"id":17908,"href":"https:\/\/radiokfor.com\/2\/wp-json\/wp\/v2\/posts\/17903\/revisions\/17908"}],"wp:featuredmedia":[{"embeddable":true,"href":"https:\/\/radiokfor.com\/2\/wp-json\/wp\/v2\/media\/17904"}],"wp:attachment":[{"href":"https:\/\/radiokfor.com\/2\/wp-json\/wp\/v2\/media?parent=17903"}],"wp:term":[{"taxonomy":"category","embeddable":true,"href":"https:\/\/radiokfor.com\/2\/wp-json\/wp\/v2\/categories?post=17903"},{"taxonomy":"post_tag","embeddable":true,"href":"https:\/\/radiokfor.com\/2\/wp-json\/wp\/v2\/tags?post=17903"}],"curies":[{"name":"wp","href":"https:\/\/api.w.org\/{rel}","templated":true}]}}