{"id":17852,"date":"2022-09-09T11:05:12","date_gmt":"2022-09-09T09:05:12","guid":{"rendered":"https:\/\/radiokfor.com\/2\/?p=17852"},"modified":"2022-09-09T11:05:12","modified_gmt":"2022-09-09T09:05:12","slug":"vracaju-se-gracanicke-veceri","status":"publish","type":"post","link":"https:\/\/radiokfor.com\/2\/vracaju-se-gracanicke-veceri\/","title":{"rendered":"Vra\u0107aju se &#8220;Gra\u010dani\u010dke ve\u010deri&#8221;"},"content":{"rendered":"<p>Nakon devetogodi\u0161nje pauze ve\u010deras \u0107e ponovo biti odr\u017eana manifestacija <strong>&#8220;Gra\u010dani\u010dke ve\u010deri&#8221;.<\/strong><\/p>\n<p>&#8220;Gra\u010dani\u010dke ve\u010deri&#8221; \u0107e sve\u010dano biti otvorene <strong>od 20 sati u velikoj sali Doma kulture u Gra\u010danici.<\/strong><\/p>\n<p>Ovu tradicionalnu manifestaciju, kulturno-zabavnog karaktera, prvi put su organizovali me\u0161tani Gra\u010danice davne 1977. godine.<\/p>\n<p><em>\u201eGra\u010dani\u010dke ve\u010deri se sastoje iz tri dela. Prvi deo je takmi\u010darskog karaktera, to je Prvi glas Gra\u010danice i Kviz znanja. Drugi deo je zabavnog karaktera, \u010dita\u0107e se Nedeljnik, a bi\u0107e i igara za publiku, \u0161to zna\u010di da \u0107e publika u\u010destvovati u nagradnim igrama. U tre\u0107em delu promovisa\u0107emo mlade talente koji pevaju, glume&#8230;<\/em>\u201c, ka\u017ee Dejan Bo\u017eidarevi\u0107 iz omladinske organizacije Gra\u010danica Youth Initiative.<\/p>\n<p>Gra\u010dani\u010dke ve\u010deri se odr\u017eavaju u okviru manifestacije Dani op\u0161tine Gra\u010danica 2022, sa ciljem da se o\u017eivi tradicija zajedni\u010dkog okupljanja.<\/p>\n<p>Program manifestacije mo\u017eete prona\u0107i na Facebook i Instagram stranici Turisti\u010dke organizacije Gra\u010danica, a sve one koji odlu\u010de da budu deo ove manifestacije, prema re\u010dima organizatora, o\u010dekuju smeh, pesma i dobra zabava.<\/p>\n","protected":false},"excerpt":{"rendered":"<p>Nakon devetogodi\u0161nje pauze ve\u010deras \u0107e ponovo biti odr\u017eana manifestacija &#8220;Gra\u010dani\u010dke ve\u010deri&#8221;. &#8220;Gra\u010dani\u010dke ve\u010deri&#8221; \u0107e sve\u010dano biti otvorene od 20 sati u velikoj sali Doma kulture u Gra\u010danici. Ovu tradicionalnu manifestaciju, kulturno-zabavnog karaktera, prvi put su organizovali me\u0161tani Gra\u010danice davne 1977. godine. \u201eGra\u010dani\u010dke ve\u010deri se sastoje iz tri dela. Prvi deo je takmi\u010darskog karaktera, to je&hellip;<\/p>\n","protected":false},"author":7,"featured_media":17855,"comment_status":"closed","ping_status":"closed","sticky":false,"template":"","format":"standard","meta":{"footnotes":""},"categories":[2],"tags":[],"class_list":["post-17852","post","type-post","status-publish","format-standard","has-post-thumbnail","hentry","category-news","category-2","description-off"],"_links":{"self":[{"href":"https:\/\/radiokfor.com\/2\/wp-json\/wp\/v2\/posts\/17852","targetHints":{"allow":["GET"]}}],"collection":[{"href":"https:\/\/radiokfor.com\/2\/wp-json\/wp\/v2\/posts"}],"about":[{"href":"https:\/\/radiokfor.com\/2\/wp-json\/wp\/v2\/types\/post"}],"author":[{"embeddable":true,"href":"https:\/\/radiokfor.com\/2\/wp-json\/wp\/v2\/users\/7"}],"replies":[{"embeddable":true,"href":"https:\/\/radiokfor.com\/2\/wp-json\/wp\/v2\/comments?post=17852"}],"version-history":[{"count":1,"href":"https:\/\/radiokfor.com\/2\/wp-json\/wp\/v2\/posts\/17852\/revisions"}],"predecessor-version":[{"id":17854,"href":"https:\/\/radiokfor.com\/2\/wp-json\/wp\/v2\/posts\/17852\/revisions\/17854"}],"wp:featuredmedia":[{"embeddable":true,"href":"https:\/\/radiokfor.com\/2\/wp-json\/wp\/v2\/media\/17855"}],"wp:attachment":[{"href":"https:\/\/radiokfor.com\/2\/wp-json\/wp\/v2\/media?parent=17852"}],"wp:term":[{"taxonomy":"category","embeddable":true,"href":"https:\/\/radiokfor.com\/2\/wp-json\/wp\/v2\/categories?post=17852"},{"taxonomy":"post_tag","embeddable":true,"href":"https:\/\/radiokfor.com\/2\/wp-json\/wp\/v2\/tags?post=17852"}],"curies":[{"name":"wp","href":"https:\/\/api.w.org\/{rel}","templated":true}]}}