{"id":17748,"date":"2022-08-31T16:20:21","date_gmt":"2022-08-31T14:20:21","guid":{"rendered":"https:\/\/radiokfor.com\/2\/?p=17748"},"modified":"2022-08-31T16:20:21","modified_gmt":"2022-08-31T14:20:21","slug":"srecan-pocetak-nove-skolske-godine","status":"publish","type":"post","link":"https:\/\/radiokfor.com\/2\/srecan-pocetak-nove-skolske-godine\/","title":{"rendered":"Sre\u0107an po\u010detak nove \u0161kolske godine"},"content":{"rendered":"<p>Nakon gotovo dva i po meseca odmora, do\u0161lo je vreme da se \u0111aci vrate u \u0161kolske klupe. Nekima \u0107e ovaj septembar biti prvi susret sa \u0161kolom i obavezama i radostima koje dolaze s tim, a za druge \u0107e to biti novi stepenik u njihovom obrazovanju.<\/p>\n<p>Mi smo razgovarali sa dvojicom u\u010denika srednje Elektrotehni\u010dke \u0161kole u Su\u0161ici, Mihajlom i Davidom, koji su sa nama podelili utiske zbog povratka u \u0161kolske klupe, kao i njihova o\u010dekivanja od \u0161kolske godine pred njima.<\/p>\n<p>Obojica se sla\u017eu da \u0107e im najte\u017ee pasti rano ustajanje zbog odlaska u \u0161kolu jer je to ne\u0161to o \u010demu nisu morali da razmi\u0161ljaju tokom letnjeg raspusta.<\/p>\n<p><em>\u201eRano ustajanje \u0107e definitivno biti problem, bar dok se ne naviknem malo. S druge strane, jedva \u010dekam da se ponovo vidim s drugarima sa kojima se nisam video dugo. \u017deleo bih da mi i ova \u0161kolska godina bude uspe\u0161na isto kao i predhodna\u201c,<\/em> kazao nam je Mihajlo.<\/p>\n<p><em>\u201eBi\u0107e mi malo te\u0161ko u po\u010detku da se ponovo naviknem i na \u0161kolske obaveze i na rano ustajanje, ali verujem da \u0107e posle par dana sve do\u0107i na svoje mesto. O\u010dekujem jo\u0161 jednu uspe\u0161nu \u0161kolsku godinu\u201c,<\/em> re\u010di su Davida koji kre\u0107e u drugi razred ove \u0161kole.<\/p>\n<p>Prvi septembar ostaje jedan od najzna\u010dajnijih datuma u \u017eivotu svakog \u0161kolarca, ali i njihovih roditelja. Nadamo se da je pred svima njima \u0161kolska godina prepuna uspeha, dobrih ocena i sticanja novih znanja.<\/p>\n","protected":false},"excerpt":{"rendered":"<p>Nakon gotovo dva i po meseca odmora, do\u0161lo je vreme da se \u0111aci vrate u \u0161kolske klupe. Nekima \u0107e ovaj septembar biti prvi susret sa \u0161kolom i obavezama i radostima koje dolaze s tim, a za druge \u0107e to biti novi stepenik u njihovom obrazovanju. Mi smo razgovarali sa dvojicom u\u010denika srednje Elektrotehni\u010dke \u0161kole u&hellip;<\/p>\n","protected":false},"author":2,"featured_media":17749,"comment_status":"closed","ping_status":"closed","sticky":false,"template":"","format":"standard","meta":{"footnotes":""},"categories":[2],"tags":[],"class_list":["post-17748","post","type-post","status-publish","format-standard","has-post-thumbnail","hentry","category-news","category-2","description-off"],"_links":{"self":[{"href":"https:\/\/radiokfor.com\/2\/wp-json\/wp\/v2\/posts\/17748","targetHints":{"allow":["GET"]}}],"collection":[{"href":"https:\/\/radiokfor.com\/2\/wp-json\/wp\/v2\/posts"}],"about":[{"href":"https:\/\/radiokfor.com\/2\/wp-json\/wp\/v2\/types\/post"}],"author":[{"embeddable":true,"href":"https:\/\/radiokfor.com\/2\/wp-json\/wp\/v2\/users\/2"}],"replies":[{"embeddable":true,"href":"https:\/\/radiokfor.com\/2\/wp-json\/wp\/v2\/comments?post=17748"}],"version-history":[{"count":1,"href":"https:\/\/radiokfor.com\/2\/wp-json\/wp\/v2\/posts\/17748\/revisions"}],"predecessor-version":[{"id":17750,"href":"https:\/\/radiokfor.com\/2\/wp-json\/wp\/v2\/posts\/17748\/revisions\/17750"}],"wp:featuredmedia":[{"embeddable":true,"href":"https:\/\/radiokfor.com\/2\/wp-json\/wp\/v2\/media\/17749"}],"wp:attachment":[{"href":"https:\/\/radiokfor.com\/2\/wp-json\/wp\/v2\/media?parent=17748"}],"wp:term":[{"taxonomy":"category","embeddable":true,"href":"https:\/\/radiokfor.com\/2\/wp-json\/wp\/v2\/categories?post=17748"},{"taxonomy":"post_tag","embeddable":true,"href":"https:\/\/radiokfor.com\/2\/wp-json\/wp\/v2\/tags?post=17748"}],"curies":[{"name":"wp","href":"https:\/\/api.w.org\/{rel}","templated":true}]}}