{"id":17745,"date":"2022-08-31T16:17:52","date_gmt":"2022-08-31T14:17:52","guid":{"rendered":"https:\/\/radiokfor.com\/2\/?p=17745"},"modified":"2022-08-31T16:17:52","modified_gmt":"2022-08-31T14:17:52","slug":"ucenici-se-sutra-vracaju-u-skolske-klupe","status":"publish","type":"post","link":"https:\/\/radiokfor.com\/2\/ucenici-se-sutra-vracaju-u-skolske-klupe\/","title":{"rendered":"U\u010denici se sutra vra\u0107aju u \u0161kolske klupe"},"content":{"rendered":"<p>Nakon letnje pauze u\u010denici se vra\u0107aju u \u0161kolske klupe. Po\u010detku \u0161kolske godine posebno se raduju pred\u0161kolci koji \u0107e u \u0161kolske kulupe sesti po prvi put.<\/p>\n<p>Iako se tokom leta pri\u010dalo o mogu\u0107nosti odlaganja po\u010detka \u0161kolske godine zbog novog talasa pandemije korona virusa, pred\u0161kolska ustanova \u0110ur\u0111evak obavestila je roditelje pred\u0161kolaca da \u0161kolska godina po\u010dinje na vreme, odnosno sutra 1. septembra.<\/p>\n<p>Isto je i u svim obrazovnim ustanovama osnovnog i srednjeg obrazovanja.<\/p>\n<p>Za osnovne \u0161kole, prvo polugodi\u0161te po\u010dinje u \u010detvrtak, 01. septembra 2022. godine, a zavr\u0161ava se u petak, 30. decembra 2022. godine.<\/p>\n<p>Drugo polugodi\u0161te po\u010dinje u ponedeljak, 23. januara 2023. godine.<\/p>\n<p>Drugo polugodi\u0161te zavr\u0161ava se u utorak, 6. juna 2023. godine za u\u010denike osmog razreda, odnosno u utorak, 20. juna 2023. godine za u\u010denike od prvog do sedmog razreda.<\/p>\n<p>Za srednje \u0161kole, prvo polugodi\u0161te po\u010dinje u \u010detvrtak, 01. septembra 2022. godine, a zavr\u0161ava se u petak, 30. decembra 2022. godine.<\/p>\n<p>Drugo polugodi\u0161te po\u010dinje u ponedeljak, 16. januara 2023. godine, a zavr\u0161ava se u utorak, 20. juna 2023. godine.<\/p>\n<p>U toku \u0161kolske godine u\u010denici imaju zimski, prole\u0107ni i letnji raspust.<\/p>\n<p>&nbsp;<\/p>\n<p>&nbsp;<\/p>\n<p>&nbsp;<\/p>\n","protected":false},"excerpt":{"rendered":"<p>Nakon letnje pauze u\u010denici se vra\u0107aju u \u0161kolske klupe. Po\u010detku \u0161kolske godine posebno se raduju pred\u0161kolci koji \u0107e u \u0161kolske kulupe sesti po prvi put. Iako se tokom leta pri\u010dalo o mogu\u0107nosti odlaganja po\u010detka \u0161kolske godine zbog novog talasa pandemije korona virusa, pred\u0161kolska ustanova \u0110ur\u0111evak obavestila je roditelje pred\u0161kolaca da \u0161kolska godina po\u010dinje na vreme,&hellip;<\/p>\n","protected":false},"author":2,"featured_media":17746,"comment_status":"closed","ping_status":"closed","sticky":false,"template":"","format":"standard","meta":{"footnotes":""},"categories":[2],"tags":[],"class_list":["post-17745","post","type-post","status-publish","format-standard","has-post-thumbnail","hentry","category-news","category-2","description-off"],"_links":{"self":[{"href":"https:\/\/radiokfor.com\/2\/wp-json\/wp\/v2\/posts\/17745","targetHints":{"allow":["GET"]}}],"collection":[{"href":"https:\/\/radiokfor.com\/2\/wp-json\/wp\/v2\/posts"}],"about":[{"href":"https:\/\/radiokfor.com\/2\/wp-json\/wp\/v2\/types\/post"}],"author":[{"embeddable":true,"href":"https:\/\/radiokfor.com\/2\/wp-json\/wp\/v2\/users\/2"}],"replies":[{"embeddable":true,"href":"https:\/\/radiokfor.com\/2\/wp-json\/wp\/v2\/comments?post=17745"}],"version-history":[{"count":1,"href":"https:\/\/radiokfor.com\/2\/wp-json\/wp\/v2\/posts\/17745\/revisions"}],"predecessor-version":[{"id":17747,"href":"https:\/\/radiokfor.com\/2\/wp-json\/wp\/v2\/posts\/17745\/revisions\/17747"}],"wp:featuredmedia":[{"embeddable":true,"href":"https:\/\/radiokfor.com\/2\/wp-json\/wp\/v2\/media\/17746"}],"wp:attachment":[{"href":"https:\/\/radiokfor.com\/2\/wp-json\/wp\/v2\/media?parent=17745"}],"wp:term":[{"taxonomy":"category","embeddable":true,"href":"https:\/\/radiokfor.com\/2\/wp-json\/wp\/v2\/categories?post=17745"},{"taxonomy":"post_tag","embeddable":true,"href":"https:\/\/radiokfor.com\/2\/wp-json\/wp\/v2\/tags?post=17745"}],"curies":[{"name":"wp","href":"https:\/\/api.w.org\/{rel}","templated":true}]}}