{"id":17671,"date":"2022-08-20T12:39:26","date_gmt":"2022-08-20T10:39:26","guid":{"rendered":"https:\/\/radiokfor.com\/2\/?p=17671"},"modified":"2022-08-21T12:42:09","modified_gmt":"2022-08-21T10:42:09","slug":"danas-je-svetski-dan-komaraca","status":"publish","type":"post","link":"https:\/\/radiokfor.com\/2\/danas-je-svetski-dan-komaraca\/","title":{"rendered":"Danas je Svetski dan komaraca"},"content":{"rendered":"<p>Svake godine, 20. avgust se obele\u017eava kao Svetski dan komaraca kako bi se podigla svest o bolestima koje izazivaju komarci. Svetski dan komaraca obele\u017eava datum kada je Sir Ronald Ros, britanski vojni hirurg koji je radio u Indiji, dokazao da komarci prenose malariju identifikacijom pigmentiranih parazita malarije kod komaraca koji su se hranili zara\u017eenim pacijentom.<\/p>\n<p>Svetski dan komaraca obele\u017eava dan kada je ser Ronald Ros otkrio vezu izme\u0111u \u017eenke komaraca i malarije, \u0161to je promenilo tok medicinske istorije.<\/p>\n<p>\u041aomarac je verovatno jedini grabe\u017eljivac u ljudskoj istoriji koji je napredovao kroz milenijume, donose\u0107i smrt i uni\u0161tenje kroz razne bolesti koje se prenose vektorima, posebno malariju.<\/p>\n<p>Ovogodi\u0161nja tema Svetskog dana komaraca je postizanje cilja nulte malarije i drugih bolesti kod kojih su komarci prenosioci. Prema istra\u017eivanju najsmrtonosnijih \u017eivotinja na svetu, komarci su na vrhu liste.<br \/>\nPrema najnovijim statistikama, preko 435.000 ljudi svake godine umre od malarije. Smatra se da malarija poga\u0111a oko 219 miliona ljudi \u0161irom sveta svake godine.<br \/>\nMalarija je prisutna u vi\u0161e od 100 zemalja. To je problem koji uglavnom poga\u0111a tropske lokacije \u0161irom sveta. Indija, kao povoljno mesto za razmno\u017eavanje mnogih vrsta komaraca predstavlja \u017eari\u0161te za bolesti kao \u0161to su \u017euta groznica, denga, malarija.<\/p>\n<p>Veoma je va\u017eno pove\u0107ati svest o uzrocima malarije i na\u010dinima kako je spre\u010diti, kao i prikupiti sredstva za istra\u017eivanja le\u010denja malarije.<\/p>\n","protected":false},"excerpt":{"rendered":"<p>Svake godine, 20. avgust se obele\u017eava kao Svetski dan komaraca kako bi se podigla svest o bolestima koje izazivaju komarci. Svetski dan komaraca obele\u017eava datum kada je Sir Ronald Ros, britanski vojni hirurg koji je radio u Indiji, dokazao da komarci prenose malariju identifikacijom pigmentiranih parazita malarije kod komaraca koji su se hranili zara\u017eenim pacijentom.&hellip;<\/p>\n","protected":false},"author":2,"featured_media":17672,"comment_status":"closed","ping_status":"closed","sticky":false,"template":"","format":"standard","meta":{"footnotes":""},"categories":[2],"tags":[],"class_list":["post-17671","post","type-post","status-publish","format-standard","has-post-thumbnail","hentry","category-news","category-2","description-off"],"_links":{"self":[{"href":"https:\/\/radiokfor.com\/2\/wp-json\/wp\/v2\/posts\/17671","targetHints":{"allow":["GET"]}}],"collection":[{"href":"https:\/\/radiokfor.com\/2\/wp-json\/wp\/v2\/posts"}],"about":[{"href":"https:\/\/radiokfor.com\/2\/wp-json\/wp\/v2\/types\/post"}],"author":[{"embeddable":true,"href":"https:\/\/radiokfor.com\/2\/wp-json\/wp\/v2\/users\/2"}],"replies":[{"embeddable":true,"href":"https:\/\/radiokfor.com\/2\/wp-json\/wp\/v2\/comments?post=17671"}],"version-history":[{"count":2,"href":"https:\/\/radiokfor.com\/2\/wp-json\/wp\/v2\/posts\/17671\/revisions"}],"predecessor-version":[{"id":17674,"href":"https:\/\/radiokfor.com\/2\/wp-json\/wp\/v2\/posts\/17671\/revisions\/17674"}],"wp:featuredmedia":[{"embeddable":true,"href":"https:\/\/radiokfor.com\/2\/wp-json\/wp\/v2\/media\/17672"}],"wp:attachment":[{"href":"https:\/\/radiokfor.com\/2\/wp-json\/wp\/v2\/media?parent=17671"}],"wp:term":[{"taxonomy":"category","embeddable":true,"href":"https:\/\/radiokfor.com\/2\/wp-json\/wp\/v2\/categories?post=17671"},{"taxonomy":"post_tag","embeddable":true,"href":"https:\/\/radiokfor.com\/2\/wp-json\/wp\/v2\/tags?post=17671"}],"curies":[{"name":"wp","href":"https:\/\/api.w.org\/{rel}","templated":true}]}}