{"id":1760,"date":"2018-01-06T13:29:51","date_gmt":"2018-01-06T13:29:51","guid":{"rendered":"http:\/\/radiokfor.com\/2\/?p=1760"},"modified":"2018-12-03T13:31:24","modified_gmt":"2018-12-03T13:31:24","slug":"dark-sky-u-gracanici","status":"publish","type":"post","link":"https:\/\/radiokfor.com\/2\/dark-sky-u-gracanici\/","title":{"rendered":"Dark Sky u Gra\u010danici"},"content":{"rendered":"<p>Bend Dark Sky iz Mitrovice osnovali su Milan Kabasi\u0107 i Emir Hasani 2005. godine.<\/p>\n<p>\u201ePa \u0161ta znam, iako postojimo dosta dugo, ranije smo pisali na engleskom tekstove, i onda smo odlu\u010dili da prestanemo skroz sa tom pri\u010dom i da pi\u0161emo samo na maternjem, tako da u poslednje vreme radimo bukvalno kao da smo po\u010deli iz po\u010detka, radimo sav novi materijal i nove pesme na maternjem jeziku, po\u010deli smo da snimamo u Tilco studiju EP prvi, na kojem \u0107e biti 6-7 pesama, uporedo pored toga pi\u0161emo novi album na kom \u0107e biti samo autorske stvari i tekstovi i muzika na\u0161a originalna.\u201c<\/p>\n<p>Frontmen benda Milan Kabasi\u0107 raduje se nastupu u Gra\u010danici, koji je zakazan za ponedeljak, 8. januar.<\/p>\n<p>\u201eDrago nam je \u0161to \u0107emo svirati kod Isaka, on je na\u0161 prijatelj, nikada nismo svirali tamo, ali svirali smo dosta puta u Gra\u010danici, i uvek smo dobro pri\u0161li tako da se nadam da \u0107e ovde biti mo\u017eda jo\u0161 bolje. Mi kao akusti\u010dni duo sviramo razne stvari, ali ve\u0107inom je to bazirano na nekoj muzici uz koju smo odrasli, ali na\u0107i \u0107e se tu neke stvari Maajki i EKV-a i sva\u0161ta ne\u0161to.\u201c<\/p>\n<p>Iza benda stoji oko stotinak nastupa \u0161irom Kosova i regiona. Pravcem muzike koji sviraju se nikada nisu mnogo zamarali, jer kako ka\u017eu, ose\u0107anja ne \u017eele da ograni\u010davaju muzi\u010dkim pravcima, mo\u017eda je ba\u0161 iz tog razloga pravo u\u017eivanje slu\u0161ati ih!<\/p>\n","protected":false},"excerpt":{"rendered":"<p>Bend Dark Sky iz Mitrovice osnovali su Milan Kabasi\u0107 i Emir Hasani 2005. godine. \u201ePa \u0161ta znam, iako postojimo dosta dugo, ranije smo pisali na engleskom tekstove, i onda smo odlu\u010dili da prestanemo skroz sa tom pri\u010dom i da pi\u0161emo samo na maternjem, tako da u poslednje vreme radimo bukvalno kao da smo po\u010deli iz&hellip;<\/p>\n","protected":false},"author":2,"featured_media":1762,"comment_status":"open","ping_status":"open","sticky":false,"template":"","format":"standard","meta":{"footnotes":""},"categories":[2],"tags":[687,688],"class_list":["post-1760","post","type-post","status-publish","format-standard","has-post-thumbnail","hentry","category-news","tag-dark-sky-u-gracanici","tag-milan-kabasic","category-2","description-off"],"_links":{"self":[{"href":"https:\/\/radiokfor.com\/2\/wp-json\/wp\/v2\/posts\/1760","targetHints":{"allow":["GET"]}}],"collection":[{"href":"https:\/\/radiokfor.com\/2\/wp-json\/wp\/v2\/posts"}],"about":[{"href":"https:\/\/radiokfor.com\/2\/wp-json\/wp\/v2\/types\/post"}],"author":[{"embeddable":true,"href":"https:\/\/radiokfor.com\/2\/wp-json\/wp\/v2\/users\/2"}],"replies":[{"embeddable":true,"href":"https:\/\/radiokfor.com\/2\/wp-json\/wp\/v2\/comments?post=1760"}],"version-history":[{"count":1,"href":"https:\/\/radiokfor.com\/2\/wp-json\/wp\/v2\/posts\/1760\/revisions"}],"predecessor-version":[{"id":1763,"href":"https:\/\/radiokfor.com\/2\/wp-json\/wp\/v2\/posts\/1760\/revisions\/1763"}],"wp:featuredmedia":[{"embeddable":true,"href":"https:\/\/radiokfor.com\/2\/wp-json\/wp\/v2\/media\/1762"}],"wp:attachment":[{"href":"https:\/\/radiokfor.com\/2\/wp-json\/wp\/v2\/media?parent=1760"}],"wp:term":[{"taxonomy":"category","embeddable":true,"href":"https:\/\/radiokfor.com\/2\/wp-json\/wp\/v2\/categories?post=1760"},{"taxonomy":"post_tag","embeddable":true,"href":"https:\/\/radiokfor.com\/2\/wp-json\/wp\/v2\/tags?post=1760"}],"curies":[{"name":"wp","href":"https:\/\/api.w.org\/{rel}","templated":true}]}}