{"id":17317,"date":"2022-07-18T12:45:11","date_gmt":"2022-07-18T10:45:11","guid":{"rendered":"https:\/\/radiokfor.com\/2\/?p=17317"},"modified":"2022-07-18T12:45:11","modified_gmt":"2022-07-18T10:45:11","slug":"danas-se-obelezava-svetski-dan-slusanja","status":"publish","type":"post","link":"https:\/\/radiokfor.com\/2\/danas-se-obelezava-svetski-dan-slusanja\/","title":{"rendered":"Danas se obele\u017eava Svetski dan slu\u0161anja"},"content":{"rendered":"<p>Svetski dan slu\u0161anja se obele\u017eava svakog 18. jula u \u010dast ro\u0111endana Rejmonda Mareja \u0160afera\u00a0(Raymond Murray Schafer),\u00a0kanadskog kompozitora i za\u0161titnika \u017eivotne sredine koji se smatra osniva\u010dem akusti\u010dne ekologije.<\/p>\n<p>Ro\u0111en je 18. jula 1933. godine, razvio je projekat\u00a0World Soundscape, koji je 1970-ih postavio osnovne ideje i prakse akusti\u010dne ekologije. Svetski dan slu\u0161anja ustanovljen je 2010. godine, a svake godine praznik ima odre\u0111enu temu. Neke od prethodnih tema su bile \u201eH20\u201c, \u201eZvuci izgubljenog i na\u0111enog\u201c i \u201eSlu\u0161ati te!\u201c Tema 2017. bila je \u201eSlu\u0161anje zemlje\u201c, koja je odala po\u010dast \u017eivotu i nasle\u0111u ameri\u010dke kompozitorke Paulin Oliveros (Pauline Oliveros\u00a0).<\/p>\n<p>U nastavku pro\u010ditajte nekoliko zanimljivih \u010dinjenica o slu\u0161anju.<\/p>\n<p>\u017dene bolje slu\u0161aju od mu\u0161karaca. Istra\u017eivanja pokazuju da \u017eene anga\u017euju oba re\u017enja mozga za slu\u0161anje, dok mu\u0161karci koriste samo polovinu svog mozga.<\/p>\n<p>Slu\u0161anje muzike stvara okru\u017eenje bez stresa, na primer, slu\u0161anje muzike pre operacije smanjuje nivoe kortizola, a nekim studentima poma\u017ee da se opuste i bolje u\u010de pre ispita.<\/p>\n<p>Slu\u0161anje mo\u017ee pomoc\u0301i da izgubite telesnu te\u017einu. Istra\u017eiva\u010di su otkrili da slu\u0161anje opu\u0161tajuc\u0301e muzike dok jedete u restoranu dovodi do toga da gosti konzumiraju 175 kalorija manje.<\/p>\n","protected":false},"excerpt":{"rendered":"<p>Svetski dan slu\u0161anja se obele\u017eava svakog 18. jula u \u010dast ro\u0111endana Rejmonda Mareja \u0160afera\u00a0(Raymond Murray Schafer),\u00a0kanadskog kompozitora i za\u0161titnika \u017eivotne sredine koji se smatra osniva\u010dem akusti\u010dne ekologije. Ro\u0111en je 18. jula 1933. godine, razvio je projekat\u00a0World Soundscape, koji je 1970-ih postavio osnovne ideje i prakse akusti\u010dne ekologije. Svetski dan slu\u0161anja ustanovljen je 2010. godine, a&hellip;<\/p>\n","protected":false},"author":2,"featured_media":17318,"comment_status":"closed","ping_status":"closed","sticky":false,"template":"","format":"standard","meta":{"footnotes":""},"categories":[2],"tags":[1143,2248],"class_list":["post-17317","post","type-post","status-publish","format-standard","has-post-thumbnail","hentry","category-news","tag-k4radio","tag-worldday","category-2","description-off"],"_links":{"self":[{"href":"https:\/\/radiokfor.com\/2\/wp-json\/wp\/v2\/posts\/17317","targetHints":{"allow":["GET"]}}],"collection":[{"href":"https:\/\/radiokfor.com\/2\/wp-json\/wp\/v2\/posts"}],"about":[{"href":"https:\/\/radiokfor.com\/2\/wp-json\/wp\/v2\/types\/post"}],"author":[{"embeddable":true,"href":"https:\/\/radiokfor.com\/2\/wp-json\/wp\/v2\/users\/2"}],"replies":[{"embeddable":true,"href":"https:\/\/radiokfor.com\/2\/wp-json\/wp\/v2\/comments?post=17317"}],"version-history":[{"count":1,"href":"https:\/\/radiokfor.com\/2\/wp-json\/wp\/v2\/posts\/17317\/revisions"}],"predecessor-version":[{"id":17320,"href":"https:\/\/radiokfor.com\/2\/wp-json\/wp\/v2\/posts\/17317\/revisions\/17320"}],"wp:featuredmedia":[{"embeddable":true,"href":"https:\/\/radiokfor.com\/2\/wp-json\/wp\/v2\/media\/17318"}],"wp:attachment":[{"href":"https:\/\/radiokfor.com\/2\/wp-json\/wp\/v2\/media?parent=17317"}],"wp:term":[{"taxonomy":"category","embeddable":true,"href":"https:\/\/radiokfor.com\/2\/wp-json\/wp\/v2\/categories?post=17317"},{"taxonomy":"post_tag","embeddable":true,"href":"https:\/\/radiokfor.com\/2\/wp-json\/wp\/v2\/tags?post=17317"}],"curies":[{"name":"wp","href":"https:\/\/api.w.org\/{rel}","templated":true}]}}