{"id":17262,"date":"2022-07-12T17:40:59","date_gmt":"2022-07-12T15:40:59","guid":{"rendered":"https:\/\/radiokfor.com\/2\/?p=17262"},"modified":"2022-07-12T17:40:59","modified_gmt":"2022-07-12T15:40:59","slug":"noc-pripovedanja-po-sesti-put","status":"publish","type":"post","link":"https:\/\/radiokfor.com\/2\/noc-pripovedanja-po-sesti-put\/","title":{"rendered":"\u201eNo\u0107 pripovedanja\u201c po \u0161esti put"},"content":{"rendered":"<p>\u201eNoc\u0301 pripovedanja\u201c je ime doga\u0111aja u kojem sara\u0111uju srpska i albanska zajednica. Ova inicijativa dolazi od nevladine organizacije \u201eIzgradnja zajednice Mitrovica\u201c (CBM), koja vi\u0161e od 20 godina \u0161iri i sprovodi svoju misiju uspostavljanja kontakta izme\u0111u albanske i srpske zajednice.<\/p>\n<p>\u0160esto izdanje \u201eNo\u0107 pripovedanja\u201c bi\u0107e odr\u017eano u Gnjilanu, a povodom ovog doga\u0111aja pri\u010dali smo sa programskim slu\u017ebenikom CBM-a Nerimane Ferizi.<\/p>\n<p><em>\u201eNarativi &#8216;Noc\u0301i pripovedanja&#8217; su pri\u010de gde se tokom jedne ve\u010deri okupljamo i slu\u0161amo pri\u010de dve osobe koje poti\u010du iz srpske i albanske zajednice, koje su sara\u0111ivale u razli\u010ditim aktivnostima i oblastima. Kao primer \u0107u da navedem aktiviste koji brinu o psima, Srbina i Albanca, koji su ispri\u010dali svoju pri\u010du. Pokazali su nam kako sara\u0111uju da bi hranili pse i kako se brinu o ovim \u017eivotinjama. Zatim, imali smo aktiviste civilnog dru\u0161tva gde Srbi i Albanci sara\u0111uju unutar organizacija, ljude iz obrazovnih institucija itd. Na\u0161 cilj je da prenesemo pozitivne pri\u010de svim ljudima, u smislu me\u0111unacionalnih odnosa\u201c.<\/em><\/p>\n<p>Ona je dodala da svakome treba pru\u017eiti \u0161ansu bez obzira odakle poti\u010de, da treba upoznavati razli\u010dite kulture i obi\u010daje i da upravo razli\u010ditosti \u017eivot \u010dine lep\u0161im i punim boja.<\/p>\n<p>\u201eNo\u0107 pripovedanja\u201c \u0107e se odr\u017eati 13. jula u Gnjilanu, gde \u0107e svoju pri\u010du ispri\u010dati dvoje mladih iz srpske i albanske zajednice koji \u0107e govoriti o svojim iskustvima u me\u0111usobnoj saradnji.<\/p>\n","protected":false},"excerpt":{"rendered":"<p>\u201eNoc\u0301 pripovedanja\u201c je ime doga\u0111aja u kojem sara\u0111uju srpska i albanska zajednica. Ova inicijativa dolazi od nevladine organizacije \u201eIzgradnja zajednice Mitrovica\u201c (CBM), koja vi\u0161e od 20 godina \u0161iri i sprovodi svoju misiju uspostavljanja kontakta izme\u0111u albanske i srpske zajednice. \u0160esto izdanje \u201eNo\u0107 pripovedanja\u201c bi\u0107e odr\u017eano u Gnjilanu, a povodom ovog doga\u0111aja pri\u010dali smo sa programskim&hellip;<\/p>\n","protected":false},"author":2,"featured_media":17263,"comment_status":"closed","ping_status":"closed","sticky":false,"template":"","format":"standard","meta":{"footnotes":""},"categories":[2],"tags":[],"class_list":["post-17262","post","type-post","status-publish","format-standard","has-post-thumbnail","hentry","category-news","category-2","description-off"],"_links":{"self":[{"href":"https:\/\/radiokfor.com\/2\/wp-json\/wp\/v2\/posts\/17262","targetHints":{"allow":["GET"]}}],"collection":[{"href":"https:\/\/radiokfor.com\/2\/wp-json\/wp\/v2\/posts"}],"about":[{"href":"https:\/\/radiokfor.com\/2\/wp-json\/wp\/v2\/types\/post"}],"author":[{"embeddable":true,"href":"https:\/\/radiokfor.com\/2\/wp-json\/wp\/v2\/users\/2"}],"replies":[{"embeddable":true,"href":"https:\/\/radiokfor.com\/2\/wp-json\/wp\/v2\/comments?post=17262"}],"version-history":[{"count":1,"href":"https:\/\/radiokfor.com\/2\/wp-json\/wp\/v2\/posts\/17262\/revisions"}],"predecessor-version":[{"id":17264,"href":"https:\/\/radiokfor.com\/2\/wp-json\/wp\/v2\/posts\/17262\/revisions\/17264"}],"wp:featuredmedia":[{"embeddable":true,"href":"https:\/\/radiokfor.com\/2\/wp-json\/wp\/v2\/media\/17263"}],"wp:attachment":[{"href":"https:\/\/radiokfor.com\/2\/wp-json\/wp\/v2\/media?parent=17262"}],"wp:term":[{"taxonomy":"category","embeddable":true,"href":"https:\/\/radiokfor.com\/2\/wp-json\/wp\/v2\/categories?post=17262"},{"taxonomy":"post_tag","embeddable":true,"href":"https:\/\/radiokfor.com\/2\/wp-json\/wp\/v2\/tags?post=17262"}],"curies":[{"name":"wp","href":"https:\/\/api.w.org\/{rel}","templated":true}]}}