{"id":171,"date":"2018-08-01T14:00:58","date_gmt":"2018-08-01T14:00:58","guid":{"rendered":"http:\/\/radiokfor.com\/2\/?p=171"},"modified":"2018-11-27T14:03:35","modified_gmt":"2018-11-27T14:03:35","slug":"pedagoske-i-psiholoske-radionice","status":"publish","type":"post","link":"https:\/\/radiokfor.com\/2\/pedagoske-i-psiholoske-radionice\/","title":{"rendered":"Pedago\u0161ke i psiholo\u0161ke radionice"},"content":{"rendered":"<p>U okviru programa\u00a0 \u201ePodizanje svesti o zna\u010daju neformalnog obrazovanja mladih u op\u0161tini Zve\u010dan\u201d koji sprovodi kabinet gradona\u010delnika i skup\u0161tina op\u0161tina Zve\u010dan,\u00a0 otvoren je konkurs za drugi program pod nazivom \u201eLetnja pozornica\u201d, u saradnji sa O\u0160 \u201eVuk Karad\u017ei\u0107\u201d iz Zve\u010dana. Neformalno obrazovanje u oblasti omladinskog rada omogu\u0107ava mladima da steknu ve\u0161tine koje doprinose njihovom li\u010dnom razvoju i aktivnom gra\u0111anstvu.<\/p>\n<p>Ukazuju\u0107i na potrebu do\u017eivotnog u\u010denja kao i ve\u0107e priznanje i prepoznavanje ve\u0161tina ste\u010denih kroz sve oblike u\u010denja,\u00a0 u okviru programa \u201eLetnja pozornica\u201c bi\u0107e organizovane pedago\u0161ke i psiholo\u0161ke radionice u oblastima:<\/p>\n<ol>\n<li>Razumevanje emocija<\/li>\n<li>Slika o sebi<\/li>\n<li>Ve\u0161tine komunikacije<\/li>\n<li>Kreativne radionice<\/li>\n<\/ol>\n<p>Program kreativnih radionica pod nazivom \u201eLetnja pozornica\u201c namenjen je deci \u0161kolskog uzrasta .<\/p>\n<p>Radionice \u0107e biti organizovane u periodu od 13.08.-31.08.2018. godine i predvi\u0111aju intenzivan rad svakog radnog dana (pet puta nedeljno) u trajanju od \u010detiri \u0161kolska \u010dasa.<\/p>\n<p>Prijave, sa tekstom koji treba da sadr\u017ei: ime i prezime, datum ro\u0111enja, naziv \u0161kole i broj telefona, mo\u017eete poslati na email: kabinet.zvecan@gmail.com<\/p>\n<p>Selektovani u\u010denici bi\u0107e pozvani najkasnije 10.08.2018.godine do 12 \u010dasova.<\/p>\n","protected":false},"excerpt":{"rendered":"<p>U okviru programa\u00a0 \u201ePodizanje svesti o zna\u010daju neformalnog obrazovanja mladih u op\u0161tini Zve\u010dan\u201d koji sprovodi kabinet gradona\u010delnika i skup\u0161tina op\u0161tina Zve\u010dan,\u00a0 otvoren je konkurs za drugi program pod nazivom \u201eLetnja pozornica\u201d, u saradnji sa O\u0160 \u201eVuk Karad\u017ei\u0107\u201d iz Zve\u010dana. Neformalno obrazovanje u oblasti omladinskog rada omogu\u0107ava mladima da steknu ve\u0161tine koje doprinose njihovom li\u010dnom razvoju&hellip;<\/p>\n","protected":false},"author":2,"featured_media":15,"comment_status":"open","ping_status":"open","sticky":false,"template":"","format":"standard","meta":{"footnotes":""},"categories":[2],"tags":[18,14],"class_list":["post-171","post","type-post","status-publish","format-standard","has-post-thumbnail","hentry","category-news","tag-neformalno-obrazovanje","tag-opstina-zvecan","category-2","description-off"],"_links":{"self":[{"href":"https:\/\/radiokfor.com\/2\/wp-json\/wp\/v2\/posts\/171","targetHints":{"allow":["GET"]}}],"collection":[{"href":"https:\/\/radiokfor.com\/2\/wp-json\/wp\/v2\/posts"}],"about":[{"href":"https:\/\/radiokfor.com\/2\/wp-json\/wp\/v2\/types\/post"}],"author":[{"embeddable":true,"href":"https:\/\/radiokfor.com\/2\/wp-json\/wp\/v2\/users\/2"}],"replies":[{"embeddable":true,"href":"https:\/\/radiokfor.com\/2\/wp-json\/wp\/v2\/comments?post=171"}],"version-history":[{"count":1,"href":"https:\/\/radiokfor.com\/2\/wp-json\/wp\/v2\/posts\/171\/revisions"}],"predecessor-version":[{"id":173,"href":"https:\/\/radiokfor.com\/2\/wp-json\/wp\/v2\/posts\/171\/revisions\/173"}],"wp:featuredmedia":[{"embeddable":true,"href":"https:\/\/radiokfor.com\/2\/wp-json\/wp\/v2\/media\/15"}],"wp:attachment":[{"href":"https:\/\/radiokfor.com\/2\/wp-json\/wp\/v2\/media?parent=171"}],"wp:term":[{"taxonomy":"category","embeddable":true,"href":"https:\/\/radiokfor.com\/2\/wp-json\/wp\/v2\/categories?post=171"},{"taxonomy":"post_tag","embeddable":true,"href":"https:\/\/radiokfor.com\/2\/wp-json\/wp\/v2\/tags?post=171"}],"curies":[{"name":"wp","href":"https:\/\/api.w.org\/{rel}","templated":true}]}}